{"id":78267,"date":"2018-07-02T15:42:23","date_gmt":"2018-07-02T18:42:23","guid":{"rendered":"http:\/\/www.locoxelrojo.com\/independiente\/?p=78267"},"modified":"2018-07-02T20:33:54","modified_gmt":"2018-07-02T23:33:54","slug":"alan-franco-estoy-comodo-en-independiente-y-pienso-en-seguir-mejorando-aca","status":"publish","type":"post","link":"https:\/\/www.locoxelrojo.com\/independiente\/2018\/07\/02\/alan-franco-estoy-comodo-en-independiente-y-pienso-en-seguir-mejorando-aca\/","title":{"rendered":"Franco: &#8220;Estoy c\u00f3modo en Independiente y pienso en seguir mejorando ac\u00e1&#8221;"},"content":{"rendered":"<p><strong>Alan Franco se refiri\u00f3 a su futuro y cont\u00f3 que le gustar\u00eda quedarse en el club para seguir creciendo como futbolista.<\/strong><\/p>\n<p><strong>&#8220;Estoy c\u00f3modo en Independiente y pienso en seguir mejorando ac\u00e1. Me encantar\u00eda quedarme m\u00e1s all\u00e1 de que uno quiera crecer como futbolista&#8221;<\/strong>, expres\u00f3 el defensor en di\u00e1logo con Muy Independiente. <strong>&#8220;Me encari\u00f1\u00e9 mucho con este grupo que formamos y me gustar\u00eda seguir ac\u00e1&#8221;<\/strong>, agreg\u00f3.<\/p>\n<p>Desde que subi\u00f3 a Primera todo se dio muy r\u00e1pido y as\u00ed lo siente el defensor: <strong>&#8220;Estoy viviendo muchas cosas lindas, la \u00fanica mala fue haber perdido la Recopa en Brasil, pero estoy contento y trato de disfrutar&#8221;<\/strong>.<\/p>\n<p>Hace una semana que arranc\u00f3 la pretemporada, a la cu\u00e1l se sum\u00f3 Guillermo Burdisso, uno de los refuerzos: <strong>&#8220;Se lo ve con muchas ganas, est\u00e1 bueno tener competidores, porque nadie quiere regalar nada&#8221;<\/strong>. Para finalizar, c\u00f3mo se encuentra en estos primeros d\u00edas y se dej\u00f3 atr\u00e1s las molestias f\u00edsicas. <strong>&#8220;Estoy muy bien. Estamos entrenando para mejorar d\u00eda a d\u00eda. El semestre pasado termin\u00e9 con dolores, pero voy a estar 10 puntos para cuando arranque la competencia&#8221;<\/strong>, cerr\u00f3.<\/p>\n","protected":false},"excerpt":{"rendered":"<p>Alan Franco se refiri\u00f3 a su futuro y cont\u00f3 que le gustar\u00eda quedarse en el club para seguir creciendo como futbolista. &#8220;Estoy c\u00f3modo en Independiente y pienso en seguir mejorando ac\u00e1. Me encantar\u00eda quedarme m\u00e1s all\u00e1 de que uno quiera crecer como futbolista&#8221;, expres\u00f3 el defensor en di\u00e1logo con Muy Independiente. &#8220;Me encari\u00f1\u00e9 mucho con [&hellip;]<\/p>\n","protected":false},"author":1,"featured_media":78269,"comment_status":"open","ping_status":"closed","sticky":false,"template":"","format":"standard","meta":{"_links_to":"","_links_to_target":""},"categories":[3247,3],"tags":[3231],"_links":{"self":[{"href":"https:\/\/www.locoxelrojo.com\/independiente\/wp-json\/wp\/v2\/posts\/78267"}],"collection":[{"href":"https:\/\/www.locoxelrojo.com\/independiente\/wp-json\/wp\/v2\/posts"}],"about":[{"href":"https:\/\/www.locoxelrojo.com\/independiente\/wp-json\/wp\/v2\/types\/post"}],"author":[{"embeddable":true,"href":"https:\/\/www.locoxelrojo.com\/independiente\/wp-json\/wp\/v2\/users\/1"}],"replies":[{"embeddable":true,"href":"https:\/\/www.locoxelrojo.com\/independiente\/wp-json\/wp\/v2\/comments?post=78267"}],"version-history":[{"count":0,"href":"https:\/\/www.locoxelrojo.com\/independiente\/wp-json\/wp\/v2\/posts\/78267\/revisions"}],"wp:featuredmedia":[{"embeddable":true,"href":"https:\/\/www.locoxelrojo.com\/independiente\/wp-json\/wp\/v2\/media\/78269"}],"wp:attachment":[{"href":"https:\/\/www.locoxelrojo.com\/independiente\/wp-json\/wp\/v2\/media?parent=78267"}],"wp:term":[{"taxonomy":"category","embeddable":true,"href":"https:\/\/www.locoxelrojo.com\/independiente\/wp-json\/wp\/v2\/categories?post=78267"},{"taxonomy":"post_tag","embeddable":true,"href":"https:\/\/www.locoxelrojo.com\/independiente\/wp-json\/wp\/v2\/tags?post=78267"}],"curies":[{"name":"wp","href":"https:\/\/api.w.org\/{rel}","templated":true}]}}