{"id":78268,"date":"2018-07-02T14:10:34","date_gmt":"2018-07-02T17:10:34","guid":{"rendered":"http:\/\/www.locoxelrojo.com\/independiente\/?p=78268"},"modified":"2018-07-02T20:34:25","modified_gmt":"2018-07-02T23:34:25","slug":"el-mensaje-de-gutierrez-para-la-reserva","status":"publish","type":"post","link":"https:\/\/www.locoxelrojo.com\/independiente\/2018\/07\/02\/el-mensaje-de-gutierrez-para-la-reserva\/","title":{"rendered":"El mensaje del Galgo para la Reserva"},"content":{"rendered":"<p><strong>Jon\u00e1s Guti\u00e9rrez comenz\u00f3 a trabajar con la Reserva<\/strong> y, a trav\u00e9s de las redes sociales, manifest\u00f3 su agradecimiento al plantel y al cuerpo t\u00e9cnico comandado por Fernando Ber\u00f3n.<\/p>\n<p>Como <a href=\"https:\/\/www.locoxelrojo.com\/independiente\/2018\/06\/25\/jugadores-quienes-mas-se-pueden-ir\/\">Ariel Holan no contar\u00e1 con el Galgo para la siguiente temporada<\/a> decidi\u00f3 bajar al experimentado mediocampista de 34 a\u00f1os a la Reserva para que no pierda rodaje.<\/p>\n<p><strong>Lo cierto es que la dirigencia est\u00e1 a la espera de que llegue una oferta por \u00e9l para poder liberarlo<\/strong>. Sin embargo, Jon\u00e1s no se da por vencido y a trav\u00e9s de su Instagram realiz\u00f3 una publicaci\u00f3n donde dej\u00f3 un claro mensaje: <strong>seguir\u00e1 trabajando para revertir este adverso presente<\/strong>. \u00a1Mir\u00e1 lo que dijo!<\/p>\n<blockquote class=\"instagram-media\" style=\"background: #FFF; border: 0; border-radius: 3px; box-shadow: 0 0 1px 0 rgba(0,0,0,0.5),0 1px 10px 0 rgba(0,0,0,0.15); margin: 1px; max-width: 658px; padding: 0; width: calc(100% - 2px);\" data-instgrm-permalink=\"https:\/\/www.instagram.com\/p\/BkvRYGKHXy_\/\" data-instgrm-version=\"8\">\n<div style=\"padding: 8px;\">\n<div style=\"background: #F8F8F8; line-height: 0; margin-top: 40px; padding: 50.0% 0; text-align: center; width: 100%;\">\n<div style=\"background: url(data:image\/png; base64,ivborw0kggoaaaansuheugaaacwaaaascamaaaapwqozaaaabgdbtueaalgpc\/xhbqaaaafzukdcak7ohokaaaamuexurczmzpf399fx1+bm5mzy9amaaadisurbvdjlvzxbesmgces5\/p8\/t9furvcrmu73jwlzosgsiizurcjo\/ad+eqjjb4hv8bft+idpqocx1wjosbfhh2xssxeiyn3uli\/6mnree07uiwjev8ueowds88ly97kqytlijkktuybbruayvh5wohixmpi5we58ek028czwyuqdlkpg1bkb4nnm+veanfhqn1k4+gpt6ugqcvu2h2ovuif\/gwufyy8owepdyzsa3avcqpvovvzzz2vtnn2wu8qzvjddeto90gsy9mvlqtgysy231mxry6i2ggqjrty0l8fxcxfcbbhwrsyyaaaaaelftksuqmcc); display: block; height: 44px; margin: 0 auto -44px; position: relative; top: -22px; width: 44px;\"><\/div>\n<\/div>\n<p style=\"color: #c9c8cd; font-family: Arial,sans-serif; font-size: 14px; line-height: 17px; margin-bottom: 0; margin-top: 8px; overflow: hidden; padding: 8px 0 7px; text-align: center; text-overflow: ellipsis; white-space: nowrap;\"><a style=\"color: #c9c8cd; font-family: Arial,sans-serif; font-size: 14px; font-style: normal; font-weight: normal; line-height: 17px; text-decoration: none;\" href=\"https:\/\/www.instagram.com\/p\/BkvRYGKHXy_\/\" target=\"_blank\" rel=\"noopener\">Una publicaci\u00f3n compartida por Jonas Gutierrez (@galgojonas)<\/a> el <time style=\"font-family: Arial,sans-serif; font-size: 14px; line-height: 17px;\" datetime=\"2018-07-02T18:02:35+00:00\">2 de Jul de 2018 a las 11:02 PDT<\/time><\/p>\n<\/div>\n<\/blockquote>\n<p><script async defer src=\"\/\/www.instagram.com\/embed.js\"><\/script><\/p>\n<p>Junto a Guti\u00e9rrez, <a href=\"https:\/\/www.locoxelrojo.com\/independiente\/2018\/07\/02\/separado\/\">el otro futbolista que ya fue separado del resto de sus compa\u00f1eros y que buscar\u00e1n darle salida es Fernando Amorebieta<\/a>. <strong>\u00bfSe ir\u00e1n ambos o tendr\u00e1n una segunda oportunidad en el Rojo?<\/strong><\/p>\n","protected":false},"excerpt":{"rendered":"<p>Jon\u00e1s Guti\u00e9rrez comenz\u00f3 a trabajar con la Reserva y, a trav\u00e9s de las redes sociales, manifest\u00f3 su agradecimiento al plantel y al cuerpo t\u00e9cnico comandado por Fernando Ber\u00f3n. Como Ariel Holan no contar\u00e1 con el Galgo para la siguiente temporada decidi\u00f3 bajar al experimentado mediocampista de 34 a\u00f1os a la Reserva para que no pierda [&hellip;]<\/p>\n","protected":false},"author":19,"featured_media":77955,"comment_status":"open","ping_status":"closed","sticky":false,"template":"","format":"standard","meta":{"_links_to":"","_links_to_target":""},"categories":[3247,3363],"tags":[153,3517,3440,3503,3452,3270],"_links":{"self":[{"href":"https:\/\/www.locoxelrojo.com\/independiente\/wp-json\/wp\/v2\/posts\/78268"}],"collection":[{"href":"https:\/\/www.locoxelrojo.com\/independiente\/wp-json\/wp\/v2\/posts"}],"about":[{"href":"https:\/\/www.locoxelrojo.com\/independiente\/wp-json\/wp\/v2\/types\/post"}],"author":[{"embeddable":true,"href":"https:\/\/www.locoxelrojo.com\/independiente\/wp-json\/wp\/v2\/users\/19"}],"replies":[{"embeddable":true,"href":"https:\/\/www.locoxelrojo.com\/independiente\/wp-json\/wp\/v2\/comments?post=78268"}],"version-history":[{"count":1,"href":"https:\/\/www.locoxelrojo.com\/independiente\/wp-json\/wp\/v2\/posts\/78268\/revisions"}],"predecessor-version":[{"id":78274,"href":"https:\/\/www.locoxelrojo.com\/independiente\/wp-json\/wp\/v2\/posts\/78268\/revisions\/78274"}],"wp:featuredmedia":[{"embeddable":true,"href":"https:\/\/www.locoxelrojo.com\/independiente\/wp-json\/wp\/v2\/media\/77955"}],"wp:attachment":[{"href":"https:\/\/www.locoxelrojo.com\/independiente\/wp-json\/wp\/v2\/media?parent=78268"}],"wp:term":[{"taxonomy":"category","embeddable":true,"href":"https:\/\/www.locoxelrojo.com\/independiente\/wp-json\/wp\/v2\/categories?post=78268"},{"taxonomy":"post_tag","embeddable":true,"href":"https:\/\/www.locoxelrojo.com\/independiente\/wp-json\/wp\/v2\/tags?post=78268"}],"curies":[{"name":"wp","href":"https:\/\/api.w.org\/{rel}","templated":true}]}}