{"id":78275,"date":"2018-07-02T22:21:29","date_gmt":"2018-07-03T01:21:29","guid":{"rendered":"http:\/\/www.locoxelrojo.com\/independiente\/?p=78275"},"modified":"2018-07-02T22:49:06","modified_gmt":"2018-07-03T01:49:06","slug":"primer-doble-turno-en-ezeiza","status":"publish","type":"post","link":"https:\/\/www.locoxelrojo.com\/independiente\/2018\/07\/02\/primer-doble-turno-en-ezeiza\/","title":{"rendered":"Primer doble turno en Ezeiza"},"content":{"rendered":"<p><strong>El plantel de Independiente realiz\u00f3 su primer doble turno de entrenamientos en el predio de la Asociaci\u00f3n del F\u00fatbol Argentino.<\/strong><\/p>\n<p>Los dirigidos por Ariel Holan <a href=\"https:\/\/www.locoxelrojo.com\/independiente\/2018\/07\/01\/pretemporada-independiente-se-muda-para-ezeiza\/\">se mudaron a Ezeiza<\/a> para empezar con la parte m\u00e1s exigente de la pretemporada. Este lunes fue el primer doble turno. La jornada empez\u00f3 con<strong> ejercicios f\u00edsicos y f\u00fatbol en espacios reducidos<\/strong>, mientras que por la tarde hubo <strong>tareas de elongaci\u00f3n y musculaci\u00f3n en el gimnasio<\/strong>.<\/p>\n<blockquote class=\"twitter-tweet\" data-lang=\"es\">\n<p dir=\"ltr\" lang=\"es\">\u00a1Juegue, <a href=\"https:\/\/twitter.com\/hashtag\/Independiente?src=hash&amp;ref_src=twsrc%5Etfw\">#Independiente<\/a>!<\/p>\n<p>Buen d\u00eda, Diablos. El plantel profesional ya entrena en el predio de <a href=\"https:\/\/twitter.com\/afa?ref_src=twsrc%5Etfw\">@afa<\/a>, donde realizar\u00e1 la parte m\u00e1s exigente de la pretemporada.<\/p>\n<p>Nos seguimos preparando para un gran semestre. <a href=\"https:\/\/twitter.com\/hashtag\/VamosPorLa8va?src=hash&amp;ref_src=twsrc%5Etfw\">#VamosPorLa8va<\/a><a href=\"https:\/\/twitter.com\/hashtag\/TodoRojo?src=hash&amp;ref_src=twsrc%5Etfw\">#TodoRojo<\/a> &#x1f534; <a href=\"https:\/\/t.co\/YqXuE4KUrs\">pic.twitter.com\/YqXuE4KUrs<\/a><\/p>\n<p>\u2014 C. A. Independiente (@Independiente) <a href=\"https:\/\/twitter.com\/Independiente\/status\/1013771438904545281?ref_src=twsrc%5Etfw\">2 de julio de 2018<\/a><\/p><\/blockquote>\n<p><script async src=\"https:\/\/platform.twitter.com\/widgets.js\" charset=\"utf-8\"><\/script>El t\u00e9cnico decidi\u00f3 <strong>no tener en cuenta a Fernando Amorebieta<\/strong> para la etapa m\u00e1s intensa de la puesta a punto.<a href=\"https:\/\/www.locoxelrojo.com\/independiente\/2018\/07\/02\/el-mensaje-de-gutierrez-para-la-reserva\/\"> Al igual que Jon\u00e1s Guti\u00e9rrez<\/a>, qued\u00f3 separado del plantel y<strong> la dirigencia ya trabaja su su salida del club para liberar un cupo de extranjero<\/strong> e incorporar al paraguayo Richard S\u00e1nchez, con quien ya est\u00e1 todo acordado.<\/p>\n<p>El que s\u00ed form\u00f3 parte de la pr\u00e1ctica en Ezeiza fue <strong>Gabriel Compagnucci<\/strong>. El ex Almagro sigue a prueba y <strong>ser\u00e1 evaluado una semana m\u00e1s<\/strong> por el entrenador.<\/p>\n<p>Por su parte,<strong> Leandro Fern\u00e1ndez sigui\u00f3 con los trabajos de kinesiolog\u00eda<\/strong> para acelerar su recuperaci\u00f3n.<\/p>\n<blockquote class=\"twitter-tweet\" data-lang=\"es\">\n<p dir=\"ltr\" lang=\"es\">Seguimos un dia mas &#x1f4aa;&#x1f1e6;&#x1f1f9;&#x1f534;&#x1f479; <a href=\"https:\/\/t.co\/TvOmtMEWy0\">pic.twitter.com\/TvOmtMEWy0<\/a><\/p>\n<p>\u2014 Leandro Fernandez (@leafernandez11) <a href=\"https:\/\/twitter.com\/leafernandez11\/status\/1013897511944294407?ref_src=twsrc%5Etfw\">2 de julio de 2018<\/a><\/p><\/blockquote>\n<p><script async src=\"https:\/\/platform.twitter.com\/widgets.js\" charset=\"utf-8\"><\/script><\/p>\n","protected":false},"excerpt":{"rendered":"<p>El plantel de Independiente realiz\u00f3 su primer doble turno de entrenamientos en el predio de la Asociaci\u00f3n del F\u00fatbol Argentino. Los dirigidos por Ariel Holan se mudaron a Ezeiza para empezar con la parte m\u00e1s exigente de la pretemporada. Este lunes fue el primer doble turno. La jornada empez\u00f3 con ejercicios f\u00edsicos y f\u00fatbol en [&hellip;]<\/p>\n","protected":false},"author":8,"featured_media":78276,"comment_status":"open","ping_status":"closed","sticky":false,"template":"","format":"standard","meta":{"_links_to":"","_links_to_target":""},"categories":[3247,3],"tags":[26,3517,2921,3743],"_links":{"self":[{"href":"https:\/\/www.locoxelrojo.com\/independiente\/wp-json\/wp\/v2\/posts\/78275"}],"collection":[{"href":"https:\/\/www.locoxelrojo.com\/independiente\/wp-json\/wp\/v2\/posts"}],"about":[{"href":"https:\/\/www.locoxelrojo.com\/independiente\/wp-json\/wp\/v2\/types\/post"}],"author":[{"embeddable":true,"href":"https:\/\/www.locoxelrojo.com\/independiente\/wp-json\/wp\/v2\/users\/8"}],"replies":[{"embeddable":true,"href":"https:\/\/www.locoxelrojo.com\/independiente\/wp-json\/wp\/v2\/comments?post=78275"}],"version-history":[{"count":0,"href":"https:\/\/www.locoxelrojo.com\/independiente\/wp-json\/wp\/v2\/posts\/78275\/revisions"}],"wp:featuredmedia":[{"embeddable":true,"href":"https:\/\/www.locoxelrojo.com\/independiente\/wp-json\/wp\/v2\/media\/78276"}],"wp:attachment":[{"href":"https:\/\/www.locoxelrojo.com\/independiente\/wp-json\/wp\/v2\/media?parent=78275"}],"wp:term":[{"taxonomy":"category","embeddable":true,"href":"https:\/\/www.locoxelrojo.com\/independiente\/wp-json\/wp\/v2\/categories?post=78275"},{"taxonomy":"post_tag","embeddable":true,"href":"https:\/\/www.locoxelrojo.com\/independiente\/wp-json\/wp\/v2\/tags?post=78275"}],"curies":[{"name":"wp","href":"https:\/\/api.w.org\/{rel}","templated":true}]}}