{"id":78277,"date":"2018-07-03T12:38:13","date_gmt":"2018-07-03T15:38:13","guid":{"rendered":"http:\/\/www.locoxelrojo.com\/independiente\/?p=78277"},"modified":"2018-07-03T23:17:13","modified_gmt":"2018-07-04T02:17:13","slug":"veron-independiente-tiene-obligacion-pelear-todo-juega","status":"publish","type":"post","link":"https:\/\/www.locoxelrojo.com\/independiente\/2018\/07\/03\/veron-independiente-tiene-obligacion-pelear-todo-juega\/","title":{"rendered":"Ver\u00f3n: \u201cIndependiente tiene la obligaci\u00f3n de pelear todo lo que se juega\u201d"},"content":{"rendered":"<p>Gonzalo Ver\u00f3n habl\u00f3 de la pretemporada que desarrolla el plantel profesional, los jugadores que llegaron, los objetivos trazados para est\u00e9 semestre y cont\u00f3 algunas intimidades del plantel.<\/p>\n<p><strong>\u201cEstamos muy ilusionados con lo que tenemos por jugar, se est\u00e1 armando un lindo grupo con los que llegamos y los que est\u00e1n llegando nuevos, estamos contentos por poder empezar una pretemporada de cero, el semestre pasado nos tuvimos que adaptar sobre la marcha&#8221;<\/strong>, indic\u00f3 el mediocampista.<\/p>\n<p>Luego, siguiendo por la misma v\u00eda y mentaliz\u00e1ndose en los compromisos que deber\u00e1n disputar en est\u00e9 semestre, se\u00f1al\u00f3: <strong>\u201cYa estamos metidos en la pretemporada y en lo que tiene que jugar Independiente, obviamente comentamos lo que pasa en el mundial\u201d<\/strong>. Y desliz\u00f3: <strong>\u201cLos jugadores que llegaron se est\u00e1n adaptando bastante bien, por suerte es un grupo muy tranquilo y eso ayuda en la adaptaci\u00f3n&#8221;<\/strong>.<\/p>\n<p>A su vez, se refiri\u00f3 a la convivencia del plantel en la pretemporada: <strong>\u201cComparto habitaci\u00f3n con Jonathan Men\u00e9ndez, nos llevamos bien. La idea de la concentraci\u00f3n es conocerse con los compa\u00f1eros. Hay que cuidarse de las jodas de Lean Fern\u00e1ndez, Juan S\u00e1nchez Mi\u00f1o y Silvio Romero&#8221;<\/strong>.<\/p>\n<p><strong>\u201cNoto la grandeza de Independiente y la organizaci\u00f3n que tiene el club. La gente que trabaja ac\u00e1 es de primera, no esperaba menos\u201d<\/strong>, destac\u00f3 sobre su estad\u00eda en el Rojo. <strong>\u201cIndependiente es un grande y tiene obligaci\u00f3n de pelear todo lo que juega&#8221;<\/strong>, cerr\u00f3.<\/p>\n","protected":false},"excerpt":{"rendered":"<p>Gonzalo Ver\u00f3n habl\u00f3 de la pretemporada que desarrolla el plantel profesional, los jugadores que llegaron, los objetivos trazados para est\u00e9 semestre y cont\u00f3 algunas intimidades del plantel. \u201cEstamos muy ilusionados con lo que tenemos por jugar, se est\u00e1 armando un lindo grupo con los que llegamos y los que est\u00e1n llegando nuevos, estamos contentos por [&hellip;]<\/p>\n","protected":false},"author":25,"featured_media":78278,"comment_status":"open","ping_status":"closed","sticky":false,"template":"","format":"standard","meta":{"_links_to":"","_links_to_target":""},"categories":[3247,3],"tags":[3757],"_links":{"self":[{"href":"https:\/\/www.locoxelrojo.com\/independiente\/wp-json\/wp\/v2\/posts\/78277"}],"collection":[{"href":"https:\/\/www.locoxelrojo.com\/independiente\/wp-json\/wp\/v2\/posts"}],"about":[{"href":"https:\/\/www.locoxelrojo.com\/independiente\/wp-json\/wp\/v2\/types\/post"}],"author":[{"embeddable":true,"href":"https:\/\/www.locoxelrojo.com\/independiente\/wp-json\/wp\/v2\/users\/25"}],"replies":[{"embeddable":true,"href":"https:\/\/www.locoxelrojo.com\/independiente\/wp-json\/wp\/v2\/comments?post=78277"}],"version-history":[{"count":0,"href":"https:\/\/www.locoxelrojo.com\/independiente\/wp-json\/wp\/v2\/posts\/78277\/revisions"}],"wp:featuredmedia":[{"embeddable":true,"href":"https:\/\/www.locoxelrojo.com\/independiente\/wp-json\/wp\/v2\/media\/78278"}],"wp:attachment":[{"href":"https:\/\/www.locoxelrojo.com\/independiente\/wp-json\/wp\/v2\/media?parent=78277"}],"wp:term":[{"taxonomy":"category","embeddable":true,"href":"https:\/\/www.locoxelrojo.com\/independiente\/wp-json\/wp\/v2\/categories?post=78277"},{"taxonomy":"post_tag","embeddable":true,"href":"https:\/\/www.locoxelrojo.com\/independiente\/wp-json\/wp\/v2\/tags?post=78277"}],"curies":[{"name":"wp","href":"https:\/\/api.w.org\/{rel}","templated":true}]}}