{"id":78279,"date":"2018-07-03T13:07:44","date_gmt":"2018-07-03T16:07:44","guid":{"rendered":"http:\/\/www.locoxelrojo.com\/independiente\/?p=78279"},"modified":"2018-07-03T23:17:43","modified_gmt":"2018-07-04T02:17:43","slug":"j-gutierrez-a-uno-le-pueden-gustar-mas-o-menos-las-formas-pero-me-lo-guardo-para-mi","status":"publish","type":"post","link":"https:\/\/www.locoxelrojo.com\/independiente\/2018\/07\/03\/j-gutierrez-a-uno-le-pueden-gustar-mas-o-menos-las-formas-pero-me-lo-guardo-para-mi\/","title":{"rendered":"Guti\u00e9rrez: &#8220;A uno le pueden gustar m\u00e1s o menos las formas, pero me lo guardo para m\u00ed&#8221;"},"content":{"rendered":"<p>Jon\u00e1s Guti\u00e9rrez aclar\u00f3 su publicaci\u00f3n en las redes luego de ser apartado del plantel profesional por Ariel Holan.<\/p>\n<p><strong>\u201cSe gener\u00f3 mucho por una publicaci\u00f3n, pero siempre me gust\u00f3 mucho apoyarme en las frases y me dan resultado. La gente por ah\u00ed piensa que uno quiere polemizar y, obviamente, nada que ver. No me caracterizo por hacer eso, solo puse c\u00f3mo vivo las situaciones adversas, lo vivo as\u00ed\u201d<\/strong>, expres\u00f3 el Galgo.<\/p>\n<p>Sobre c\u00f3mo se tom\u00f3 la noticia de haber sido separado, en di\u00e1logo con Mas Rojo, detall\u00f3: <strong>\u201cNo esperaba la decisi\u00f3n de Holan, sinceramente, pero el f\u00fatbol tiene estas cosas. El DT puede considerar que hay otro que lo hace de mejor manera, o querer traer a otro jugador. A uno le pueden gustar m\u00e1s o menos las formas en que se comunican, pero eso me lo guardo para m\u00ed, porque hay un grupo con el que estuve hasta muy poco y no sirve generar un mal ambiente. Si se hablan las cosas se evitan muchos malentendidos\u201d<\/strong>.<\/p>\n<p><strong>\u201cSoy cauto en cu\u00e1nto a mi futuro. Hasta que no cierre mi situaci\u00f3n con Independiente prefiero no dialogar con otros clubes, pero s\u00e9 que han contactado a mi representante, ya avis\u00e9 que mi situaci\u00f3n se debe hablar con \u00e9l. Ahora me quiero enfocar a entrenar y dedicar mi tiempo a la preparaci\u00f3n&#8221;<\/strong>, manifest\u00f3 sobre su futuro deportivo. Y desliz\u00f3: <strong>\u201cSoy de pensar que ni en el f\u00fatbol ni en la vida hay que cerrar ninguna puerta. Por ejemplo, cuando volv\u00ed de Europa yo estaba muy identificado con V\u00e9lez, y sin embargo termin\u00e9 yendo a Defensa y Justicia y despu\u00e9s a Independiente. Hay que ser muy cauto, no bajar los brazos y siempre redoblar el esfuerzo para revertir las situaciones adversas\u201d<\/strong>.<\/p>\n<p><strong>\u201cQuiero agradecerle al plantel y a (Fernando) Ber\u00f3n porque me recibieron muy bien predispuestos para entrenar con ellos. Por lo que pude hablar, est\u00e1n muy contentos con \u00e9l por c\u00f3mo entrena y c\u00f3mo se maneja. Trato de aprovechar para hablar con los m\u00e1s chicos y explicarles que el f\u00fatbol tiene estas cosas y no hay que bajar los brazos ni relajarse, que esto se resuelve con esfuerzo\u201d<\/strong>, concluy\u00f3.<\/p>\n","protected":false},"excerpt":{"rendered":"<p>Jon\u00e1s Guti\u00e9rrez aclar\u00f3 su publicaci\u00f3n en las redes luego de ser apartado del plantel profesional por Ariel Holan. \u201cSe gener\u00f3 mucho por una publicaci\u00f3n, pero siempre me gust\u00f3 mucho apoyarme en las frases y me dan resultado. La gente por ah\u00ed piensa que uno quiere polemizar y, obviamente, nada que ver. No me caracterizo por [&hellip;]<\/p>\n","protected":false},"author":25,"featured_media":78280,"comment_status":"open","ping_status":"closed","sticky":false,"template":"","format":"standard","meta":{"_links_to":"","_links_to_target":""},"categories":[3247,3],"tags":[3503],"_links":{"self":[{"href":"https:\/\/www.locoxelrojo.com\/independiente\/wp-json\/wp\/v2\/posts\/78279"}],"collection":[{"href":"https:\/\/www.locoxelrojo.com\/independiente\/wp-json\/wp\/v2\/posts"}],"about":[{"href":"https:\/\/www.locoxelrojo.com\/independiente\/wp-json\/wp\/v2\/types\/post"}],"author":[{"embeddable":true,"href":"https:\/\/www.locoxelrojo.com\/independiente\/wp-json\/wp\/v2\/users\/25"}],"replies":[{"embeddable":true,"href":"https:\/\/www.locoxelrojo.com\/independiente\/wp-json\/wp\/v2\/comments?post=78279"}],"version-history":[{"count":0,"href":"https:\/\/www.locoxelrojo.com\/independiente\/wp-json\/wp\/v2\/posts\/78279\/revisions"}],"wp:featuredmedia":[{"embeddable":true,"href":"https:\/\/www.locoxelrojo.com\/independiente\/wp-json\/wp\/v2\/media\/78280"}],"wp:attachment":[{"href":"https:\/\/www.locoxelrojo.com\/independiente\/wp-json\/wp\/v2\/media?parent=78279"}],"wp:term":[{"taxonomy":"category","embeddable":true,"href":"https:\/\/www.locoxelrojo.com\/independiente\/wp-json\/wp\/v2\/categories?post=78279"},{"taxonomy":"post_tag","embeddable":true,"href":"https:\/\/www.locoxelrojo.com\/independiente\/wp-json\/wp\/v2\/tags?post=78279"}],"curies":[{"name":"wp","href":"https:\/\/api.w.org\/{rel}","templated":true}]}}