{"id":78281,"date":"2018-07-03T13:59:51","date_gmt":"2018-07-03T16:59:51","guid":{"rendered":"http:\/\/www.locoxelrojo.com\/independiente\/?p=78281"},"modified":"2018-07-03T23:18:06","modified_gmt":"2018-07-04T02:18:06","slug":"gaibor-adaptacion-siempre-cuesta-pero-estoy-dispuesto-dar-mejor-mi","status":"publish","type":"post","link":"https:\/\/www.locoxelrojo.com\/independiente\/2018\/07\/03\/gaibor-adaptacion-siempre-cuesta-pero-estoy-dispuesto-dar-mejor-mi\/","title":{"rendered":"Gaibor: &#8220;La adaptaci\u00f3n siempre cuesta, pero estoy dispuesto a dar lo mejor de m\u00ed&#8221;"},"content":{"rendered":"<p><strong>Fernando Gaibor habl\u00f3 sobre su estad\u00eda en Independiente y c\u00f3mo lleva estos primeros d\u00edas de pretemporada.<\/strong><\/p>\n<p><strong>&#8220;Emelec e Independiente son muy diferentes, estar en una instituci\u00f3n con tanta historia es un desaf\u00edo y una responsabilidad enorme&#8221;<\/strong>, manifest\u00f3 en di\u00e1logo con Orgullo Rojo. <strong>&#8220;Es un orgullo llevar la diez en la espalda. Sigo pensando que venir fue la mejor decisi\u00f3n y doy gracias a Dios por estar en un lugar donde hay un grupo humano excelente&#8221;<\/strong>, agreg\u00f3.<\/p>\n<p>En el semestre pasado le cost\u00f3 adaptarse al pa\u00eds y un f\u00fatbol de mayor jerarqu\u00eda que el ecuatoriano. Sin embargo, conf\u00eda en poder dejar atr\u00e1s esto: <strong>&#8220;La adaptaci\u00f3n siempre cuesta, pero estoy dispuesto a dar lo mejor de m\u00ed. El hecho de ser futbolista no te deja exento de tener problemas en la vida. Somos seres humanos y uno siente cuando te aplauden y tambi\u00e9n cuando te silban&#8221;<\/strong>.<\/p>\n<p><strong>&#8220;Nos estamos preparando con la mejor voluntad y mucho sacrificio. Estoy seguro que este grupo va a dar todo para ganar las cosas que tenemos por delante&#8221;<\/strong>, cerr\u00f3.<\/p>\n","protected":false},"excerpt":{"rendered":"<p>Fernando Gaibor habl\u00f3 sobre su estad\u00eda en Independiente y c\u00f3mo lleva estos primeros d\u00edas de pretemporada. &#8220;Emelec e Independiente son muy diferentes, estar en una instituci\u00f3n con tanta historia es un desaf\u00edo y una responsabilidad enorme&#8221;, manifest\u00f3 en di\u00e1logo con Orgullo Rojo. &#8220;Es un orgullo llevar la diez en la espalda. Sigo pensando que venir [&hellip;]<\/p>\n","protected":false},"author":1,"featured_media":78282,"comment_status":"open","ping_status":"closed","sticky":false,"template":"","format":"standard","meta":{"_links_to":"","_links_to_target":""},"categories":[3247,3],"tags":[3747],"_links":{"self":[{"href":"https:\/\/www.locoxelrojo.com\/independiente\/wp-json\/wp\/v2\/posts\/78281"}],"collection":[{"href":"https:\/\/www.locoxelrojo.com\/independiente\/wp-json\/wp\/v2\/posts"}],"about":[{"href":"https:\/\/www.locoxelrojo.com\/independiente\/wp-json\/wp\/v2\/types\/post"}],"author":[{"embeddable":true,"href":"https:\/\/www.locoxelrojo.com\/independiente\/wp-json\/wp\/v2\/users\/1"}],"replies":[{"embeddable":true,"href":"https:\/\/www.locoxelrojo.com\/independiente\/wp-json\/wp\/v2\/comments?post=78281"}],"version-history":[{"count":0,"href":"https:\/\/www.locoxelrojo.com\/independiente\/wp-json\/wp\/v2\/posts\/78281\/revisions"}],"wp:featuredmedia":[{"embeddable":true,"href":"https:\/\/www.locoxelrojo.com\/independiente\/wp-json\/wp\/v2\/media\/78282"}],"wp:attachment":[{"href":"https:\/\/www.locoxelrojo.com\/independiente\/wp-json\/wp\/v2\/media?parent=78281"}],"wp:term":[{"taxonomy":"category","embeddable":true,"href":"https:\/\/www.locoxelrojo.com\/independiente\/wp-json\/wp\/v2\/categories?post=78281"},{"taxonomy":"post_tag","embeddable":true,"href":"https:\/\/www.locoxelrojo.com\/independiente\/wp-json\/wp\/v2\/tags?post=78281"}],"curies":[{"name":"wp","href":"https:\/\/api.w.org\/{rel}","templated":true}]}}