{"id":78293,"date":"2018-07-03T22:59:09","date_gmt":"2018-07-04T01:59:09","guid":{"rendered":"http:\/\/www.locoxelrojo.com\/independiente\/?p=78293"},"modified":"2018-07-03T23:19:04","modified_gmt":"2018-07-04T02:19:04","slug":"a-la-espera-primer-amistoso","status":"publish","type":"post","link":"https:\/\/www.locoxelrojo.com\/independiente\/2018\/07\/03\/a-la-espera-primer-amistoso\/","title":{"rendered":"A la espera del primer amistoso"},"content":{"rendered":"<p><strong>El plantel de Independiente complet\u00f3 el segundo d\u00eda de entrenamientos en el predio de la Asociaci\u00f3n del F\u00fatbol Argentino, a la espera del primer amistoso de la pretemporada.<\/strong><\/p>\n<p>Este martes, los dirigidos por Ariel Holan encararon un nuevo doble turno en Ezeiza. Por la ma\u00f1ana se sometieron a <strong>evaluaciones f\u00edsicas para detectar asimetr\u00edas, con el objetivo de personalizar ejercicios musculares preventivos<\/strong>. Adem\u00e1s, trabajaron<strong> en el gimnasio con un entrenamiento funcional<\/strong>.<\/p>\n<blockquote class=\"twitter-tweet\" data-lang=\"es\">\n<p dir=\"ltr\" lang=\"es\">Buen d\u00eda, <a href=\"https:\/\/twitter.com\/BustosFabri?ref_src=twsrc%5Etfw\">@BustosFabri<\/a> &#x1f605;<\/p>\n<p>Ma\u00f1ana de gimnasio para <a href=\"https:\/\/twitter.com\/hashtag\/Independiente?src=hash&amp;ref_src=twsrc%5Etfw\">#Independiente<\/a>. Nos seguimos preparando.<a href=\"https:\/\/twitter.com\/hashtag\/TodosJuntos?src=hash&amp;ref_src=twsrc%5Etfw\">#TodosJuntos<\/a> <a href=\"https:\/\/twitter.com\/hashtag\/TodoRojo?src=hash&amp;ref_src=twsrc%5Etfw\">#TodoRojo<\/a> &#x1f534; <a href=\"https:\/\/t.co\/VYSMlsb9BY\">pic.twitter.com\/VYSMlsb9BY<\/a><\/p>\n<p>\u2014 C. A. Independiente (@Independiente) <a href=\"https:\/\/twitter.com\/Independiente\/status\/1014160269839425537?ref_src=twsrc%5Etfw\">3 de julio de 2018<\/a><\/p><\/blockquote>\n<p><script async src=\"https:\/\/platform.twitter.com\/widgets.js\" charset=\"utf-8\"><\/script><\/p>\n<p>Los trabajos con pelota llegaron reci\u00e9n en el turno vespertino. <strong>El equipo se puso a punto para enfrentar este mi\u00e9rcoles a San Mart\u00edn de Burzaco<\/strong>, en el que ser\u00e1 el primer ensayo formal de f\u00fatbol de la pretemporada. El partido se jugar\u00e1 a puertas cerradas.<\/p>\n","protected":false},"excerpt":{"rendered":"<p>El plantel de Independiente complet\u00f3 el segundo d\u00eda de entrenamientos en el predio de la Asociaci\u00f3n del F\u00fatbol Argentino, a la espera del primer amistoso de la pretemporada. Este martes, los dirigidos por Ariel Holan encararon un nuevo doble turno en Ezeiza. Por la ma\u00f1ana se sometieron a evaluaciones f\u00edsicas para detectar asimetr\u00edas, con el [&hellip;]<\/p>\n","protected":false},"author":8,"featured_media":78294,"comment_status":"open","ping_status":"closed","sticky":false,"template":"","format":"standard","meta":{"_links_to":"","_links_to_target":""},"categories":[3247,3],"tags":[26,3743],"_links":{"self":[{"href":"https:\/\/www.locoxelrojo.com\/independiente\/wp-json\/wp\/v2\/posts\/78293"}],"collection":[{"href":"https:\/\/www.locoxelrojo.com\/independiente\/wp-json\/wp\/v2\/posts"}],"about":[{"href":"https:\/\/www.locoxelrojo.com\/independiente\/wp-json\/wp\/v2\/types\/post"}],"author":[{"embeddable":true,"href":"https:\/\/www.locoxelrojo.com\/independiente\/wp-json\/wp\/v2\/users\/8"}],"replies":[{"embeddable":true,"href":"https:\/\/www.locoxelrojo.com\/independiente\/wp-json\/wp\/v2\/comments?post=78293"}],"version-history":[{"count":0,"href":"https:\/\/www.locoxelrojo.com\/independiente\/wp-json\/wp\/v2\/posts\/78293\/revisions"}],"wp:featuredmedia":[{"embeddable":true,"href":"https:\/\/www.locoxelrojo.com\/independiente\/wp-json\/wp\/v2\/media\/78294"}],"wp:attachment":[{"href":"https:\/\/www.locoxelrojo.com\/independiente\/wp-json\/wp\/v2\/media?parent=78293"}],"wp:term":[{"taxonomy":"category","embeddable":true,"href":"https:\/\/www.locoxelrojo.com\/independiente\/wp-json\/wp\/v2\/categories?post=78293"},{"taxonomy":"post_tag","embeddable":true,"href":"https:\/\/www.locoxelrojo.com\/independiente\/wp-json\/wp\/v2\/tags?post=78293"}],"curies":[{"name":"wp","href":"https:\/\/api.w.org\/{rel}","templated":true}]}}