{"id":78386,"date":"2018-07-10T17:59:57","date_gmt":"2018-07-10T20:59:57","guid":{"rendered":"http:\/\/www.locoxelrojo.com\/independiente\/?p=78386"},"modified":"2018-07-11T00:47:09","modified_gmt":"2018-07-11T03:47:09","slug":"independiente-nuevo-embargo-de-ciancio","status":"publish","type":"post","link":"https:\/\/www.locoxelrojo.com\/independiente\/2018\/07\/10\/independiente-nuevo-embargo-de-ciancio\/","title":{"rendered":"Nuevo embargo de Ciancio"},"content":{"rendered":"<p style=\"font-weight: 400;\"><strong>El ex dirigente de Independiente Claudio Ciancio volvi\u00f3 a embargar a Independiente ante la Justicia.<\/strong><\/p>\n<p style=\"font-weight: 400;\">En esta oportunidad, el ex secretario administrativo de la gesti\u00f3n de Javier Cantero <strong>trab\u00f3\u00a0embargo sobre los ingresos por derechos televisivos de la Superliga<\/strong>. El reclamo es de <strong>870.000 d\u00f3lares<\/strong> m\u00e1s intereses.<\/p>\n<p style=\"font-weight: 400;\">En septiembre del a\u00f1o pasado, <strong>la dirigencia hab\u00eda anunciado un acuerdo con Ciancio, pero finalmente no se hizo efectivo<\/strong>. Aquella vez, el embargo hab\u00eda sido sobre la Sede Social de Boyac\u00e1.<\/p>\n<p>A continuaci\u00f3n, la resoluci\u00f3n de la jueza a cargo de la causa:<\/p>\n<p><a href=\"https:\/\/www.locoxelrojo.com\/independiente\/2018\/07\/10\/nuevo-embargo-de-ciancio\/embargo-ciancio\/\" rel=\"attachment wp-att-78387\"><img loading=\"lazy\" class=\"alignnone size-full wp-image-78387\" src=\"https:\/\/www.locoxelrojo.com\/independiente\/wp-content\/uploads\/2018\/07\/Embargo-Ciancio.jpg\" alt=\"\" width=\"514\" height=\"767\" srcset=\"https:\/\/locoxelrojo.com\/independiente\/wp-content\/uploads\/2018\/07\/Embargo-Ciancio.jpg 514w, https:\/\/locoxelrojo.com\/independiente\/wp-content\/uploads\/2018\/07\/Embargo-Ciancio-201x300.jpg 201w, https:\/\/locoxelrojo.com\/independiente\/wp-content\/uploads\/2018\/07\/Embargo-Ciancio-281x420.jpg 281w, https:\/\/locoxelrojo.com\/independiente\/wp-content\/uploads\/2018\/07\/Embargo-Ciancio-86x128.jpg 86w, https:\/\/locoxelrojo.com\/independiente\/wp-content\/uploads\/2018\/07\/Embargo-Ciancio-21x32.jpg 21w\" sizes=\"(max-width: 514px) 100vw, 514px\" \/><\/a><\/p>\n","protected":false},"excerpt":{"rendered":"<p>El ex dirigente de Independiente Claudio Ciancio volvi\u00f3 a embargar a Independiente ante la Justicia. En esta oportunidad, el ex secretario administrativo de la gesti\u00f3n de Javier Cantero trab\u00f3\u00a0embargo sobre los ingresos por derechos televisivos de la Superliga. El reclamo es de 870.000 d\u00f3lares m\u00e1s intereses. En septiembre del a\u00f1o pasado, la dirigencia hab\u00eda anunciado [&hellip;]<\/p>\n","protected":false},"author":101011,"featured_media":78388,"comment_status":"open","ping_status":"closed","sticky":false,"template":"","format":"standard","meta":{"_links_to":"","_links_to_target":""},"categories":[3280,3247],"tags":[1445,3211],"_links":{"self":[{"href":"https:\/\/www.locoxelrojo.com\/independiente\/wp-json\/wp\/v2\/posts\/78386"}],"collection":[{"href":"https:\/\/www.locoxelrojo.com\/independiente\/wp-json\/wp\/v2\/posts"}],"about":[{"href":"https:\/\/www.locoxelrojo.com\/independiente\/wp-json\/wp\/v2\/types\/post"}],"author":[{"embeddable":true,"href":"https:\/\/www.locoxelrojo.com\/independiente\/wp-json\/wp\/v2\/users\/101011"}],"replies":[{"embeddable":true,"href":"https:\/\/www.locoxelrojo.com\/independiente\/wp-json\/wp\/v2\/comments?post=78386"}],"version-history":[{"count":0,"href":"https:\/\/www.locoxelrojo.com\/independiente\/wp-json\/wp\/v2\/posts\/78386\/revisions"}],"wp:featuredmedia":[{"embeddable":true,"href":"https:\/\/www.locoxelrojo.com\/independiente\/wp-json\/wp\/v2\/media\/78388"}],"wp:attachment":[{"href":"https:\/\/www.locoxelrojo.com\/independiente\/wp-json\/wp\/v2\/media?parent=78386"}],"wp:term":[{"taxonomy":"category","embeddable":true,"href":"https:\/\/www.locoxelrojo.com\/independiente\/wp-json\/wp\/v2\/categories?post=78386"},{"taxonomy":"post_tag","embeddable":true,"href":"https:\/\/www.locoxelrojo.com\/independiente\/wp-json\/wp\/v2\/tags?post=78386"}],"curies":[{"name":"wp","href":"https:\/\/api.w.org\/{rel}","templated":true}]}}