{"id":78442,"date":"2018-07-13T20:28:20","date_gmt":"2018-07-13T23:28:20","guid":{"rendered":"http:\/\/www.locoxelrojo.com\/independiente\/?p=78442"},"modified":"2018-07-13T21:00:44","modified_gmt":"2018-07-14T00:00:44","slug":"jugadores-calientan-motores-para-un-nuevo-amistoso","status":"publish","type":"post","link":"https:\/\/www.locoxelrojo.com\/independiente\/2018\/07\/13\/jugadores-calientan-motores-para-un-nuevo-amistoso\/","title":{"rendered":"Calientan motores para un nuevo amistoso"},"content":{"rendered":"<p><strong>El plantel de Independiente tuvo otra intensa jornada de trabajo en el predio de la AFA y se puso a punto para un nuevo amistoso de pretemporada ante Deportivo Riestra.<\/strong><\/p>\n<p>Los jugadores encararon otro doble turno de entrenamientos en Ezeiza. Bajo la supervisi\u00f3n del profe Pablo Blanco, empezaron la ma\u00f1ana con <strong>ejercicios f\u00edsicos de coordinaci\u00f3n, reacci\u00f3n y velocidad<\/strong>. Luego, Ariel Holan organiz\u00f3 trabajos t\u00e1cticos con pelota, con <strong>movimientos coordinados en base a roles y funciones<\/strong>. Tambi\u00e9n <strong>practicaron la definici\u00f3n<\/strong>. Por la tarde regresaron al predio para trabajar en el gimnasio.<\/p>\n<blockquote class=\"twitter-tweet\" data-lang=\"es\">\n<p dir=\"ltr\" lang=\"es\">\u00a1Eso! \u00a1Bien, dale!<\/p>\n<p>El Profe Blanco exige y el plantel responde. As\u00ed arranca una nueva jornada de doble turno en el predio de <a href=\"https:\/\/twitter.com\/afa?ref_src=twsrc%5Etfw\">@afa<\/a>.<\/p>\n<p>\u00a1Vamos <a href=\"https:\/\/twitter.com\/hashtag\/Independiente?src=hash&amp;ref_src=twsrc%5Etfw\">#Independiente<\/a>!<a href=\"https:\/\/twitter.com\/hashtag\/TodoRojo?src=hash&amp;ref_src=twsrc%5Etfw\">#TodoRojo<\/a> &#x1f534; <a href=\"https:\/\/t.co\/pl5yRztr4A\">pic.twitter.com\/pl5yRztr4A<\/a><\/p>\n<p>\u2014 C. A. Independiente (@Independiente) <a href=\"https:\/\/twitter.com\/Independiente\/status\/1017768171573596160?ref_src=twsrc%5Etfw\">13 de julio de 2018<\/a><\/p><\/blockquote>\n<p><script async src=\"https:\/\/platform.twitter.com\/widgets.js\" charset=\"utf-8\"><\/script><\/p>\n<p>Despu\u00e9s del turno vespertino, el equipo qued\u00f3 concentrado a la espera del<strong>\u00a0amistoso con Deportivo Riestra, que se jugar\u00e1 este s\u00e1bado desde las 9:30 en el predio de la AFA a puertas cerradas<\/strong>. El entrenador aprovechar\u00e1 para ajustar detalles del equipo pensando en el partido del pr\u00f3ximo viernes en Formosa por Copa Argentina.<\/p>\n","protected":false},"excerpt":{"rendered":"<p>El plantel de Independiente tuvo otra intensa jornada de trabajo en el predio de la AFA y se puso a punto para un nuevo amistoso de pretemporada ante Deportivo Riestra. Los jugadores encararon otro doble turno de entrenamientos en Ezeiza. Bajo la supervisi\u00f3n del profe Pablo Blanco, empezaron la ma\u00f1ana con ejercicios f\u00edsicos de coordinaci\u00f3n, [&hellip;]<\/p>\n","protected":false},"author":8,"featured_media":78325,"comment_status":"open","ping_status":"closed","sticky":false,"template":"","format":"standard","meta":{"_links_to":"","_links_to_target":""},"categories":[3247,3],"tags":[2319,26,3743],"_links":{"self":[{"href":"https:\/\/www.locoxelrojo.com\/independiente\/wp-json\/wp\/v2\/posts\/78442"}],"collection":[{"href":"https:\/\/www.locoxelrojo.com\/independiente\/wp-json\/wp\/v2\/posts"}],"about":[{"href":"https:\/\/www.locoxelrojo.com\/independiente\/wp-json\/wp\/v2\/types\/post"}],"author":[{"embeddable":true,"href":"https:\/\/www.locoxelrojo.com\/independiente\/wp-json\/wp\/v2\/users\/8"}],"replies":[{"embeddable":true,"href":"https:\/\/www.locoxelrojo.com\/independiente\/wp-json\/wp\/v2\/comments?post=78442"}],"version-history":[{"count":0,"href":"https:\/\/www.locoxelrojo.com\/independiente\/wp-json\/wp\/v2\/posts\/78442\/revisions"}],"wp:featuredmedia":[{"embeddable":true,"href":"https:\/\/www.locoxelrojo.com\/independiente\/wp-json\/wp\/v2\/media\/78325"}],"wp:attachment":[{"href":"https:\/\/www.locoxelrojo.com\/independiente\/wp-json\/wp\/v2\/media?parent=78442"}],"wp:term":[{"taxonomy":"category","embeddable":true,"href":"https:\/\/www.locoxelrojo.com\/independiente\/wp-json\/wp\/v2\/categories?post=78442"},{"taxonomy":"post_tag","embeddable":true,"href":"https:\/\/www.locoxelrojo.com\/independiente\/wp-json\/wp\/v2\/tags?post=78442"}],"curies":[{"name":"wp","href":"https:\/\/api.w.org\/{rel}","templated":true}]}}