{"id":78498,"date":"2018-07-18T14:28:06","date_gmt":"2018-07-18T17:28:06","guid":{"rendered":"http:\/\/www.locoxelrojo.com\/independiente\/?p=78498"},"modified":"2018-07-19T00:24:57","modified_gmt":"2018-07-19T03:24:57","slug":"volvio-silva-independiente","status":"publish","type":"post","link":"https:\/\/www.locoxelrojo.com\/independiente\/2018\/07\/18\/volvio-silva-independiente\/","title":{"rendered":"Volvi\u00f3 Silva"},"content":{"rendered":"<p>Luego de integrar la n\u00f3mina de jugadores que fueron a Rusia 2018 con la Selecci\u00f3n de Uruguay, <b>Gast\u00f3n Silva se reintegr\u00f3 a los entrenamientos de Independiente este mi\u00e9rcoles en el predio de Villa Dominico<\/b>.<\/p>\n<p><b>El uruguayo se entren\u00f3 con normalidad y viajar\u00e1 a Corrientes para el partido frente a Central Ballester<\/b> por los 32vos. de la copa Argentina.<\/p>\n<p>Sin embargo <b>quien ocupe el lateral izquierdo este viernes ser\u00e1 Juan S\u00e1nchez Mi\u00f1o<\/b>, quien estuvo jugando de \u201c3\u201d para el equipo titular en los amistosos de pretemporada. Igualmente, a futuro, Ariel Holan alternar\u00e1 al uruguayo con el ex Boca en ese sector.<\/p>\n<p>Cabe recordar que Silva integr\u00f3 la n\u00f3mina de Washington Tab\u00e1rez para el Mundial y, al igual que Mart\u00edn Campa\u00f1a,\u00a0<b>no sum\u00f3 minutos en los cinco partidos que disput\u00f3 la Celeste<\/b>.<\/p>\n","protected":false},"excerpt":{"rendered":"<p>Luego de integrar la n\u00f3mina de jugadores que fueron a Rusia 2018 con la Selecci\u00f3n de Uruguay, Gast\u00f3n Silva se reintegr\u00f3 a los entrenamientos de Independiente este mi\u00e9rcoles en el predio de Villa Dominico. El uruguayo se entren\u00f3 con normalidad y viajar\u00e1 a Corrientes para el partido frente a Central Ballester por los 32vos. de [&hellip;]<\/p>\n","protected":false},"author":25,"featured_media":78500,"comment_status":"open","ping_status":"closed","sticky":false,"template":"","format":"standard","meta":{"_links_to":"","_links_to_target":""},"categories":[3247,3],"tags":[153,3557,3657],"_links":{"self":[{"href":"https:\/\/www.locoxelrojo.com\/independiente\/wp-json\/wp\/v2\/posts\/78498"}],"collection":[{"href":"https:\/\/www.locoxelrojo.com\/independiente\/wp-json\/wp\/v2\/posts"}],"about":[{"href":"https:\/\/www.locoxelrojo.com\/independiente\/wp-json\/wp\/v2\/types\/post"}],"author":[{"embeddable":true,"href":"https:\/\/www.locoxelrojo.com\/independiente\/wp-json\/wp\/v2\/users\/25"}],"replies":[{"embeddable":true,"href":"https:\/\/www.locoxelrojo.com\/independiente\/wp-json\/wp\/v2\/comments?post=78498"}],"version-history":[{"count":0,"href":"https:\/\/www.locoxelrojo.com\/independiente\/wp-json\/wp\/v2\/posts\/78498\/revisions"}],"wp:featuredmedia":[{"embeddable":true,"href":"https:\/\/www.locoxelrojo.com\/independiente\/wp-json\/wp\/v2\/media\/78500"}],"wp:attachment":[{"href":"https:\/\/www.locoxelrojo.com\/independiente\/wp-json\/wp\/v2\/media?parent=78498"}],"wp:term":[{"taxonomy":"category","embeddable":true,"href":"https:\/\/www.locoxelrojo.com\/independiente\/wp-json\/wp\/v2\/categories?post=78498"},{"taxonomy":"post_tag","embeddable":true,"href":"https:\/\/www.locoxelrojo.com\/independiente\/wp-json\/wp\/v2\/tags?post=78498"}],"curies":[{"name":"wp","href":"https:\/\/api.w.org\/{rel}","templated":true}]}}