{"id":78501,"date":"2018-07-18T18:06:20","date_gmt":"2018-07-18T21:06:20","guid":{"rendered":"http:\/\/www.locoxelrojo.com\/independiente\/?p=78501"},"modified":"2018-07-19T00:25:08","modified_gmt":"2018-07-19T03:25:08","slug":"menendez-otra-vez-afuera-lesionado","status":"publish","type":"post","link":"https:\/\/www.locoxelrojo.com\/independiente\/2018\/07\/18\/menendez-otra-vez-afuera-lesionado\/","title":{"rendered":"Men\u00e9ndez, otra vez afuera"},"content":{"rendered":"<p style=\"font-weight: 400;\"><strong>Jonathan Men\u00e9ndez sufri\u00f3 una distensi\u00f3n y se perder\u00e1 el partido del viernes por Copa Argentina ante Central Ballester.<\/strong><\/p>\n<p style=\"font-weight: 400;\">En el entrenamiento matutino que el equipo llev\u00f3 adelante este mi\u00e9rcoles<strong>, Men\u00e9ndez sufri\u00f3 una distensi\u00f3n de grado 2 en el recto anterior de la pierna derecha.\u00a0<\/strong>Es por esto que estar\u00e1 entre dos y tres semanas afuera de las canchas y\u00a0<strong>no viajar\u00e1 a Formosa para el duelo de 32avos<\/strong>.<\/p>\n<p style=\"font-weight: 400;\">Desde su llegada al club en enero, el futbolista de 24 a\u00f1os qued\u00f3 varias veces al margen por problemas f\u00edsicos y <strong>s\u00f3lo\u00a0logr\u00f3 jugar 7 partidos, sin poder convertir goles<\/strong>.<\/p>\n","protected":false},"excerpt":{"rendered":"<p>Jonathan Men\u00e9ndez sufri\u00f3 una distensi\u00f3n y se perder\u00e1 el partido del viernes por Copa Argentina ante Central Ballester. En el entrenamiento matutino que el equipo llev\u00f3 adelante este mi\u00e9rcoles, Men\u00e9ndez sufri\u00f3 una distensi\u00f3n de grado 2 en el recto anterior de la pierna derecha.\u00a0Es por esto que estar\u00e1 entre dos y tres semanas afuera de [&hellip;]<\/p>\n","protected":false},"author":25,"featured_media":76533,"comment_status":"open","ping_status":"closed","sticky":false,"template":"","format":"standard","meta":{"_links_to":"","_links_to_target":""},"categories":[3247,3],"tags":[3751],"_links":{"self":[{"href":"https:\/\/www.locoxelrojo.com\/independiente\/wp-json\/wp\/v2\/posts\/78501"}],"collection":[{"href":"https:\/\/www.locoxelrojo.com\/independiente\/wp-json\/wp\/v2\/posts"}],"about":[{"href":"https:\/\/www.locoxelrojo.com\/independiente\/wp-json\/wp\/v2\/types\/post"}],"author":[{"embeddable":true,"href":"https:\/\/www.locoxelrojo.com\/independiente\/wp-json\/wp\/v2\/users\/25"}],"replies":[{"embeddable":true,"href":"https:\/\/www.locoxelrojo.com\/independiente\/wp-json\/wp\/v2\/comments?post=78501"}],"version-history":[{"count":0,"href":"https:\/\/www.locoxelrojo.com\/independiente\/wp-json\/wp\/v2\/posts\/78501\/revisions"}],"wp:featuredmedia":[{"embeddable":true,"href":"https:\/\/www.locoxelrojo.com\/independiente\/wp-json\/wp\/v2\/media\/76533"}],"wp:attachment":[{"href":"https:\/\/www.locoxelrojo.com\/independiente\/wp-json\/wp\/v2\/media?parent=78501"}],"wp:term":[{"taxonomy":"category","embeddable":true,"href":"https:\/\/www.locoxelrojo.com\/independiente\/wp-json\/wp\/v2\/categories?post=78501"},{"taxonomy":"post_tag","embeddable":true,"href":"https:\/\/www.locoxelrojo.com\/independiente\/wp-json\/wp\/v2\/tags?post=78501"}],"curies":[{"name":"wp","href":"https:\/\/api.w.org\/{rel}","templated":true}]}}