{"id":78502,"date":"2018-07-18T18:28:46","date_gmt":"2018-07-18T21:28:46","guid":{"rendered":"http:\/\/www.locoxelrojo.com\/independiente\/?p=78502"},"modified":"2018-07-19T00:25:29","modified_gmt":"2018-07-19T03:25:29","slug":"rehak-fue-operado-con-exito-independiente","status":"publish","type":"post","link":"https:\/\/www.locoxelrojo.com\/independiente\/2018\/07\/18\/rehak-fue-operado-con-exito-independiente\/","title":{"rendered":"Rehak fue operado con \u00e9xito"},"content":{"rendered":"<p><strong>Este mi\u00e9rcoles, Gonzalo Rehak fue intervenido quir\u00fargicamente. La operaci\u00f3n sali\u00f3 de manera exitosa.<\/strong><\/p>\n<p>El arquero de 24 a\u00f1os, quien sufri\u00f3 una luxaci\u00f3n en el hombro izquierdo, fue operado por Patricio Ratti, m\u00e9dico del plantel profesional. <strong>Ahora tendr\u00e1 por delante una larga recuperaci\u00f3n, que le demandar\u00e1 de 4 a 6 meses<\/strong>.<\/p>\n<blockquote class=\"twitter-tweet\" data-lang=\"es\">\n<p dir=\"ltr\" lang=\"es\">&#x1f4cc; Parte M\u00e9dico<\/p>\n<p>Gonzalo Rehak fue operado exitosamente. Ahora comienza la recuperaci\u00f3n para volver a las canchas &#x1f4aa;<\/p>\n<p>\u00a1<a href=\"https:\/\/twitter.com\/hashtag\/FuerzaGonza?src=hash&amp;ref_src=twsrc%5Etfw\">#FuerzaGonza<\/a>!<\/p>\n<p>\u2014 C. A. Independiente (@Independiente) <a href=\"https:\/\/twitter.com\/Independiente\/status\/1019663922729832450?ref_src=twsrc%5Etfw\">18 de julio de 2018<\/a><\/p><\/blockquote>\n<p><script async src=\"https:\/\/platform.twitter.com\/widgets.js\" charset=\"utf-8\"><\/script>Mientras tanto, <a href=\"https:\/\/www.locoxelrojo.com\/independiente\/2018\/07\/18\/el-sorpresivo-reemplazo-de-rehak\/\">Milton \u00c1lvarez, ex Deportivo Mor\u00f3n, ser\u00e1 el nuevo arquero suplente<\/a> de Independiente. <strong>\u00a1Fuerza, Gonzalo!<\/strong><\/p>\n","protected":false},"excerpt":{"rendered":"<p>Este mi\u00e9rcoles, Gonzalo Rehak fue intervenido quir\u00fargicamente. La operaci\u00f3n sali\u00f3 de manera exitosa. El arquero de 24 a\u00f1os, quien sufri\u00f3 una luxaci\u00f3n en el hombro izquierdo, fue operado por Patricio Ratti, m\u00e9dico del plantel profesional. Ahora tendr\u00e1 por delante una larga recuperaci\u00f3n, que le demandar\u00e1 de 4 a 6 meses. &#x1f4cc; Parte M\u00e9dico Gonzalo Rehak [&hellip;]<\/p>\n","protected":false},"author":101014,"featured_media":78390,"comment_status":"open","ping_status":"closed","sticky":false,"template":"","format":"standard","meta":{"_links_to":"","_links_to_target":""},"categories":[3247,3],"tags":[2873],"_links":{"self":[{"href":"https:\/\/www.locoxelrojo.com\/independiente\/wp-json\/wp\/v2\/posts\/78502"}],"collection":[{"href":"https:\/\/www.locoxelrojo.com\/independiente\/wp-json\/wp\/v2\/posts"}],"about":[{"href":"https:\/\/www.locoxelrojo.com\/independiente\/wp-json\/wp\/v2\/types\/post"}],"author":[{"embeddable":true,"href":"https:\/\/www.locoxelrojo.com\/independiente\/wp-json\/wp\/v2\/users\/101014"}],"replies":[{"embeddable":true,"href":"https:\/\/www.locoxelrojo.com\/independiente\/wp-json\/wp\/v2\/comments?post=78502"}],"version-history":[{"count":0,"href":"https:\/\/www.locoxelrojo.com\/independiente\/wp-json\/wp\/v2\/posts\/78502\/revisions"}],"wp:featuredmedia":[{"embeddable":true,"href":"https:\/\/www.locoxelrojo.com\/independiente\/wp-json\/wp\/v2\/media\/78390"}],"wp:attachment":[{"href":"https:\/\/www.locoxelrojo.com\/independiente\/wp-json\/wp\/v2\/media?parent=78502"}],"wp:term":[{"taxonomy":"category","embeddable":true,"href":"https:\/\/www.locoxelrojo.com\/independiente\/wp-json\/wp\/v2\/categories?post=78502"},{"taxonomy":"post_tag","embeddable":true,"href":"https:\/\/www.locoxelrojo.com\/independiente\/wp-json\/wp\/v2\/tags?post=78502"}],"curies":[{"name":"wp","href":"https:\/\/api.w.org\/{rel}","templated":true}]}}