{"id":78507,"date":"2018-07-19T13:50:27","date_gmt":"2018-07-19T16:50:27","guid":{"rendered":"http:\/\/www.locoxelrojo.com\/independiente\/?p=78507"},"modified":"2018-07-19T23:42:50","modified_gmt":"2018-07-20T02:42:50","slug":"concentrados-cai-vs-central-ballester-con-tres-de-los-cuatro-refuerzos","status":"publish","type":"post","link":"https:\/\/www.locoxelrojo.com\/independiente\/2018\/07\/19\/concentrados-cai-vs-central-ballester-con-tres-de-los-cuatro-refuerzos\/","title":{"rendered":"Concentrados vs. Central Ballester: con tres de los cuatro refuerzos"},"content":{"rendered":"<p><a href=\"https:\/\/www.locoxelrojo.com\/independiente\/2018\/07\/19\/viajan-con-equipo-confirmado\/\">Luego del entrenamiento de esta ma\u00f1ana<\/a>, Ariel Holan entreg\u00f3 la primera n\u00f3mina de jugadores que viajar\u00e1n a Formosa para el partido ante Central Ballester. <strong>En total son 19 futboolistas, por lo que uno quedar\u00e1 afuera del banco de suplentes<\/strong>.<\/p>\n<p>La principal novedad de la primera lista pasa por la inclusi\u00f3n de tres de las cuatro incorporaciones. <strong>Estar\u00e1n Pablo Hern\u00e1ndez (usar\u00e1 la 19), Carlos Benav\u00eddez (21) y Francisco Silva (22), mientras que Guillermo Burdisso qued\u00f3 al margen<\/strong>.<\/p>\n<p><strong>Otro de los que no figura es Gast\u00f3n Silva<\/strong>.<a href=\"https:\/\/www.locoxelrojo.com\/independiente\/2018\/07\/18\/volvio-silva-independiente\/\"> El uruguayo se incorpor\u00f3 ayer a los entrenamientos<\/a> y el entrenador opt\u00f3 por no incluirlo. Mientras que <strong>el reemplazo de Gonzalo Rehak ser\u00e1 el juvenil Renzo Bacchia<\/strong>.<\/p>\n<h3>Los 19 concentrados ante Central Ballester<\/h3>\n<p><strong>Arqueros<\/strong>: Mart\u00edn Campa\u00f1a y Renzo Bacchia.<\/p>\n<p><strong>Defensores<\/strong>: Alan Franco, Nicol\u00e1s Figal, Juan S\u00e1nchez Mi\u00f1o, Gonzalo As\u00eds, Fabricio Bustos y Emanuel Br\u00edtez.<\/p>\n<p><strong>Mediocampistas<\/strong>: Nicol\u00e1s Domingo, Maximiliano Meza, Fernando Gaibor, Pablo Hern\u00e1ndez, Carlos Benav\u00eddez y Francisco Silva.<\/p>\n<p><strong>Delanteros<\/strong>: Mart\u00edn Ben\u00edtez, Emmanuel Gigliotti, Braian Romero, Silvio Romero y Francisco Pizzini.<\/p>\n","protected":false},"excerpt":{"rendered":"<p>Luego del entrenamiento de esta ma\u00f1ana, Ariel Holan entreg\u00f3 la primera n\u00f3mina de jugadores que viajar\u00e1n a Formosa para el partido ante Central Ballester. En total son 19 futboolistas, por lo que uno quedar\u00e1 afuera del banco de suplentes. La principal novedad de la primera lista pasa por la inclusi\u00f3n de tres de las cuatro [&hellip;]<\/p>\n","protected":false},"author":19,"featured_media":78508,"comment_status":"open","ping_status":"closed","sticky":false,"template":"","format":"standard","meta":{"_links_to":"","_links_to_target":""},"categories":[3247,3],"tags":[3758,3833,153,3832,3902,2947,2106,3958],"_links":{"self":[{"href":"https:\/\/www.locoxelrojo.com\/independiente\/wp-json\/wp\/v2\/posts\/78507"}],"collection":[{"href":"https:\/\/www.locoxelrojo.com\/independiente\/wp-json\/wp\/v2\/posts"}],"about":[{"href":"https:\/\/www.locoxelrojo.com\/independiente\/wp-json\/wp\/v2\/types\/post"}],"author":[{"embeddable":true,"href":"https:\/\/www.locoxelrojo.com\/independiente\/wp-json\/wp\/v2\/users\/19"}],"replies":[{"embeddable":true,"href":"https:\/\/www.locoxelrojo.com\/independiente\/wp-json\/wp\/v2\/comments?post=78507"}],"version-history":[{"count":0,"href":"https:\/\/www.locoxelrojo.com\/independiente\/wp-json\/wp\/v2\/posts\/78507\/revisions"}],"wp:featuredmedia":[{"embeddable":true,"href":"https:\/\/www.locoxelrojo.com\/independiente\/wp-json\/wp\/v2\/media\/78508"}],"wp:attachment":[{"href":"https:\/\/www.locoxelrojo.com\/independiente\/wp-json\/wp\/v2\/media?parent=78507"}],"wp:term":[{"taxonomy":"category","embeddable":true,"href":"https:\/\/www.locoxelrojo.com\/independiente\/wp-json\/wp\/v2\/categories?post=78507"},{"taxonomy":"post_tag","embeddable":true,"href":"https:\/\/www.locoxelrojo.com\/independiente\/wp-json\/wp\/v2\/tags?post=78507"}],"curies":[{"name":"wp","href":"https:\/\/api.w.org\/{rel}","templated":true}]}}