{"id":78603,"date":"2018-07-23T10:00:27","date_gmt":"2018-07-23T13:00:27","guid":{"rendered":"http:\/\/www.locoxelrojo.com\/independiente\/?p=78603"},"modified":"2018-07-23T21:02:55","modified_gmt":"2018-07-24T00:02:55","slug":"lucas-albertengo-manana-firma-en-el-pincha","status":"publish","type":"post","link":"https:\/\/www.locoxelrojo.com\/independiente\/2018\/07\/23\/lucas-albertengo-manana-firma-en-el-pincha\/","title":{"rendered":"Albertengo firma ma\u00f1ana en el Pincha"},"content":{"rendered":"<p><strong>Lucas Albertengo<\/strong>, quien volvi\u00f3 a Independiente en este mercado de pases, no ser\u00e1 tenido en cuenta por Ariel Holan y ya se est\u00e1 entrenando con Estudiantes de La Plata.<\/p>\n<p><strong>El Flaco volvi\u00f3 al Rojo tras su paso por Monterrey de M\u00e9xico y pese a que le quedaban seis meses m\u00e1s de contrato se aceler\u00f3 su retorno<\/strong>. El motivo de su vuelta fue que en el f\u00fatbol mexicano se modific\u00f3 el cupo de extranjeros por plantilla y los Rayados ten\u00edan dos jugadores m\u00e1s que los permitidos.<\/p>\n<p>El delantero de 27 a\u00f1os fue notificado que correr\u00eda desde atr\u00e1s en la consideraci\u00f3n del entrenador del Rey de Copas y se opt\u00f3 por darlo a pr\u00e9stamo nuevamente. Uno de los interesados fue Estudiantes de La Plata, el cual tendr\u00e1 su <strong>cesi\u00f3n con un cargo de 200.000 d\u00f3lares y una opci\u00f3n de compra de 2.000.0000 de d\u00f3lares por el 50% de su pase<\/strong>.<\/p>\n<p>Albertengo comenz\u00f3 a entrenarse el s\u00e1bado con su nuevo club con permiso del Rojo y <strong>entre y seg\u00fan confirmaron desde el Pincha, ma\u00f1ana firmar\u00e1 su pr\u00e9stamo<\/strong>.<\/p>\n<blockquote class=\"twitter-tweet\" data-lang=\"es\">\n<p dir=\"ltr\" lang=\"es\">&#x26bd; Lucas Albertengo entren\u00f3 esta ma\u00f1ana en City Bell con autorizaci\u00f3n de <a href=\"https:\/\/twitter.com\/hashtag\/Independiente?src=hash&amp;ref_src=twsrc%5Etfw\">#Independiente<\/a> y el pr\u00f3ximo martes firmar\u00e1 su contrato con <a href=\"https:\/\/twitter.com\/hashtag\/EDLP?src=hash&amp;ref_src=twsrc%5Etfw\">#EDLP<\/a> <a href=\"https:\/\/t.co\/uw7rSblp4b\">pic.twitter.com\/uw7rSblp4b<\/a><\/p>\n<p>\u2014 Estudiantes de La Plata (@EdelpOficial) <a href=\"https:\/\/twitter.com\/EdelpOficial\/status\/1020699431228903424?ref_src=twsrc%5Etfw\">21 de julio de 2018<\/a><\/p><\/blockquote>\n<p><script async src=\"https:\/\/platform.twitter.com\/widgets.js\" charset=\"utf-8\"><\/script><\/p>\n<p><strong>En el f\u00fatbol de M\u00e9xico, Lucas disput\u00f3 ocho encuentros y convirti\u00f3 un solo tanto<\/strong>, en su debut frente a Dorados por la copa de M\u00e9xico.<\/p>\n","protected":false},"excerpt":{"rendered":"<p>Lucas Albertengo, quien volvi\u00f3 a Independiente en este mercado de pases, no ser\u00e1 tenido en cuenta por Ariel Holan y ya se est\u00e1 entrenando con Estudiantes de La Plata. El Flaco volvi\u00f3 al Rojo tras su paso por Monterrey de M\u00e9xico y pese a que le quedaban seis meses m\u00e1s de contrato se aceler\u00f3 su [&hellip;]<\/p>\n","protected":false},"author":25,"featured_media":78604,"comment_status":"open","ping_status":"closed","sticky":false,"template":"","format":"standard","meta":{"_links_to":"","_links_to_target":""},"categories":[3280,3247],"tags":[153,277,2839,3298],"_links":{"self":[{"href":"https:\/\/www.locoxelrojo.com\/independiente\/wp-json\/wp\/v2\/posts\/78603"}],"collection":[{"href":"https:\/\/www.locoxelrojo.com\/independiente\/wp-json\/wp\/v2\/posts"}],"about":[{"href":"https:\/\/www.locoxelrojo.com\/independiente\/wp-json\/wp\/v2\/types\/post"}],"author":[{"embeddable":true,"href":"https:\/\/www.locoxelrojo.com\/independiente\/wp-json\/wp\/v2\/users\/25"}],"replies":[{"embeddable":true,"href":"https:\/\/www.locoxelrojo.com\/independiente\/wp-json\/wp\/v2\/comments?post=78603"}],"version-history":[{"count":0,"href":"https:\/\/www.locoxelrojo.com\/independiente\/wp-json\/wp\/v2\/posts\/78603\/revisions"}],"wp:featuredmedia":[{"embeddable":true,"href":"https:\/\/www.locoxelrojo.com\/independiente\/wp-json\/wp\/v2\/media\/78604"}],"wp:attachment":[{"href":"https:\/\/www.locoxelrojo.com\/independiente\/wp-json\/wp\/v2\/media?parent=78603"}],"wp:term":[{"taxonomy":"category","embeddable":true,"href":"https:\/\/www.locoxelrojo.com\/independiente\/wp-json\/wp\/v2\/categories?post=78603"},{"taxonomy":"post_tag","embeddable":true,"href":"https:\/\/www.locoxelrojo.com\/independiente\/wp-json\/wp\/v2\/tags?post=78603"}],"curies":[{"name":"wp","href":"https:\/\/api.w.org\/{rel}","templated":true}]}}