{"id":78626,"date":"2018-07-24T15:52:22","date_gmt":"2018-07-24T18:52:22","guid":{"rendered":"http:\/\/www.locoxelrojo.com\/independiente\/?p=78626"},"modified":"2018-07-24T23:13:15","modified_gmt":"2018-07-25T02:13:15","slug":"independiente-ya-piensa-en-japon","status":"publish","type":"post","link":"https:\/\/www.locoxelrojo.com\/independiente\/2018\/07\/24\/independiente-ya-piensa-en-japon\/","title":{"rendered":"Ya piensa en Jap\u00f3n"},"content":{"rendered":"<p><strong>El plantel profesional de Independiente complet\u00f3 este martes el segundo entrenamiento de la semana en el predio de Villa Dominico<\/strong>. Con <a href=\"https:\/\/www.locoxelrojo.com\/independiente\/2018\/07\/23\/no-se-juega-brown\/\">la confirmaci\u00f3n de la suspensi\u00f3n del encuentro con Brown de Adrogu\u00e9 por Copa Argentina<\/a>, el Rojo ya piensa en el viaje a Jap\u00f3n.<\/p>\n<p>En la jornada de esta ma\u00f1ana <strong>Ariel Holan dispuso que los futbolistas realizar\u00e1n trabajos f\u00edsicos y ejercicios t\u00e1cticos divididos en dos equipos diferentes<\/strong>.<\/p>\n<p>El primero de ellos form\u00f3 con: <strong>Fabricio Bustos, Alan Franco, Nicol\u00e1s Figal, Juan S\u00e1nchez Mi\u00f1o; Fernando Gaibor, Francisco Silva, Pablo Hern\u00e1ndez; Mart\u00edn Ben\u00edtez, Silvio Romero y Maximiliano Meza<\/strong>. El otro equipo estuvo compuesto por: <strong>Gonzalo As\u00eds, Guillermo Burdisso, Emanuel Br\u00edtez, Gast\u00f3n Silva; Nicol\u00e1s Domingo, Carlos Benav\u00eddez; Francisco Pizzini, Gonzalo Ver\u00f3n, Braian Romero y Emmanuel Gigliotti<\/strong>.<\/p>\n<p>Los arqueros no formaron parte del ejercicio. Adem\u00e1s, <strong>el entrenador cont\u00f3 por primera vez con <a href=\"https:\/\/www.locoxelrojo.com\/independiente\/2018\/07\/24\/se-sumo-alvarez\/\">la presencia de Milton \u00c1lvarez<\/a>, el quinto refuerzo.<\/strong><\/p>\n","protected":false},"excerpt":{"rendered":"<p>El plantel profesional de Independiente complet\u00f3 este martes el segundo entrenamiento de la semana en el predio de Villa Dominico. Con la confirmaci\u00f3n de la suspensi\u00f3n del encuentro con Brown de Adrogu\u00e9 por Copa Argentina, el Rojo ya piensa en el viaje a Jap\u00f3n. En la jornada de esta ma\u00f1ana Ariel Holan dispuso que los [&hellip;]<\/p>\n","protected":false},"author":101011,"featured_media":78627,"comment_status":"open","ping_status":"closed","sticky":false,"template":"","format":"standard","meta":{"_links_to":"","_links_to_target":""},"categories":[3247,3],"tags":[2998,3956,3740,172],"_links":{"self":[{"href":"https:\/\/www.locoxelrojo.com\/independiente\/wp-json\/wp\/v2\/posts\/78626"}],"collection":[{"href":"https:\/\/www.locoxelrojo.com\/independiente\/wp-json\/wp\/v2\/posts"}],"about":[{"href":"https:\/\/www.locoxelrojo.com\/independiente\/wp-json\/wp\/v2\/types\/post"}],"author":[{"embeddable":true,"href":"https:\/\/www.locoxelrojo.com\/independiente\/wp-json\/wp\/v2\/users\/101011"}],"replies":[{"embeddable":true,"href":"https:\/\/www.locoxelrojo.com\/independiente\/wp-json\/wp\/v2\/comments?post=78626"}],"version-history":[{"count":0,"href":"https:\/\/www.locoxelrojo.com\/independiente\/wp-json\/wp\/v2\/posts\/78626\/revisions"}],"wp:featuredmedia":[{"embeddable":true,"href":"https:\/\/www.locoxelrojo.com\/independiente\/wp-json\/wp\/v2\/media\/78627"}],"wp:attachment":[{"href":"https:\/\/www.locoxelrojo.com\/independiente\/wp-json\/wp\/v2\/media?parent=78626"}],"wp:term":[{"taxonomy":"category","embeddable":true,"href":"https:\/\/www.locoxelrojo.com\/independiente\/wp-json\/wp\/v2\/categories?post=78626"},{"taxonomy":"post_tag","embeddable":true,"href":"https:\/\/www.locoxelrojo.com\/independiente\/wp-json\/wp\/v2\/tags?post=78626"}],"curies":[{"name":"wp","href":"https:\/\/api.w.org\/{rel}","templated":true}]}}