{"id":78648,"date":"2018-07-25T14:42:26","date_gmt":"2018-07-25T17:42:26","guid":{"rendered":"http:\/\/www.locoxelrojo.com\/independiente\/?p=78648"},"modified":"2018-07-26T00:47:19","modified_gmt":"2018-07-26T03:47:19","slug":"enfocado-en-la-18a-estrella-independiente","status":"publish","type":"post","link":"https:\/\/www.locoxelrojo.com\/independiente\/2018\/07\/25\/enfocado-en-la-18a-estrella-independiente\/","title":{"rendered":"Enfocado en la 18\u00aa estrella"},"content":{"rendered":"<p><strong>El plantel profesional de Independiente se entren\u00f3 este mi\u00e9rcoles en el predio de Villa Dom\u00ednico, con la mente puesta en el partido por la Copa Suruga Bank en Jap\u00f3n ante el Cerezo Osaka, en busca de la estrella n\u00famero 18.<\/strong><\/p>\n<p>En el entrenamiento se hicieron varios trabajos. Comenzaron en el gimnasio, continuaron trabajando con <strong>rutas de pases<\/strong>, siguieron con <strong>movimientos t\u00e1cticos<\/strong> y tambi\u00e9n realizaron <strong>ejercicios de pelota parada<\/strong>.<\/p>\n<blockquote class=\"twitter-tweet\" data-lang=\"es\">\n<p dir=\"ltr\" lang=\"es\">Pensando en Jap\u00f3n a dos toques &#x1f609;<\/p>\n<p>El Rey de Copas sigue prepar\u00e1ndose. Vamos por todo.<a href=\"https:\/\/twitter.com\/hashtag\/TodoRojo?src=hash&amp;ref_src=twsrc%5Etfw\">#TodoRojo<\/a> &#x1f534; <a href=\"https:\/\/t.co\/VuYht1MULU\">pic.twitter.com\/VuYht1MULU<\/a><\/p>\n<p>\u2014 C. A. Independiente (@Independiente) <a href=\"https:\/\/twitter.com\/Independiente\/status\/1022122809957474304?ref_src=twsrc%5Etfw\">25 de julio de 2018<\/a><\/p><\/blockquote>\n<p><script async src=\"https:\/\/platform.twitter.com\/widgets.js\" charset=\"utf-8\"><\/script><\/p>\n<p>Los futbolistas que se entrenaron de manera diferenciada fueron <strong>Jonathan Men\u00e9ndez<\/strong>, quien realiz\u00f3 trabajos f\u00edsicos en campo, buscando recuperarse de la distensi\u00f3n grado 2 en el recto anterior que padece, y <strong>Leandro Fern\u00e1ndez<\/strong>, quien contin\u00faa con su rehabilitaci\u00f3n en kinesiolog\u00eda y gimnasio. Cabe destacar que <strong>Gonzalo Rehak, recientemente operado, contin\u00faa con el hombro inmovilizado<\/strong>.<\/p>\n<p>La agenda indica que este jueves a partir de las 9 se entrenar\u00e1n en el estadio Libertadores de Am\u00e9rica a puertas cerradas y <strong>parte del plantel disputar\u00e1 amistosos ante la UAI Urquiza<\/strong>.<\/p>\n","protected":false},"excerpt":{"rendered":"<p>El plantel profesional de Independiente se entren\u00f3 este mi\u00e9rcoles en el predio de Villa Dom\u00ednico, con la mente puesta en el partido por la Copa Suruga Bank en Jap\u00f3n ante el Cerezo Osaka, en busca de la estrella n\u00famero 18. En el entrenamiento se hicieron varios trabajos. Comenzaron en el gimnasio, continuaron trabajando con rutas [&hellip;]<\/p>\n","protected":false},"author":101014,"featured_media":78649,"comment_status":"open","ping_status":"closed","sticky":false,"template":"","format":"standard","meta":{"_links_to":"","_links_to_target":""},"categories":[3247,3],"tags":[26,172],"_links":{"self":[{"href":"https:\/\/www.locoxelrojo.com\/independiente\/wp-json\/wp\/v2\/posts\/78648"}],"collection":[{"href":"https:\/\/www.locoxelrojo.com\/independiente\/wp-json\/wp\/v2\/posts"}],"about":[{"href":"https:\/\/www.locoxelrojo.com\/independiente\/wp-json\/wp\/v2\/types\/post"}],"author":[{"embeddable":true,"href":"https:\/\/www.locoxelrojo.com\/independiente\/wp-json\/wp\/v2\/users\/101014"}],"replies":[{"embeddable":true,"href":"https:\/\/www.locoxelrojo.com\/independiente\/wp-json\/wp\/v2\/comments?post=78648"}],"version-history":[{"count":0,"href":"https:\/\/www.locoxelrojo.com\/independiente\/wp-json\/wp\/v2\/posts\/78648\/revisions"}],"wp:featuredmedia":[{"embeddable":true,"href":"https:\/\/www.locoxelrojo.com\/independiente\/wp-json\/wp\/v2\/media\/78649"}],"wp:attachment":[{"href":"https:\/\/www.locoxelrojo.com\/independiente\/wp-json\/wp\/v2\/media?parent=78648"}],"wp:term":[{"taxonomy":"category","embeddable":true,"href":"https:\/\/www.locoxelrojo.com\/independiente\/wp-json\/wp\/v2\/categories?post=78648"},{"taxonomy":"post_tag","embeddable":true,"href":"https:\/\/www.locoxelrojo.com\/independiente\/wp-json\/wp\/v2\/tags?post=78648"}],"curies":[{"name":"wp","href":"https:\/\/api.w.org\/{rel}","templated":true}]}}