{"id":78690,"date":"2018-07-28T14:26:23","date_gmt":"2018-07-28T17:26:23","guid":{"rendered":"http:\/\/www.locoxelrojo.com\/independiente\/?p=78690"},"modified":"2018-07-29T02:33:24","modified_gmt":"2018-07-29T05:33:24","slug":"independiente-hay-meza-para-rato","status":"publish","type":"post","link":"https:\/\/www.locoxelrojo.com\/independiente\/2018\/07\/28\/independiente-hay-meza-para-rato\/","title":{"rendered":"Hay Meza para rato"},"content":{"rendered":"<p>Luego de varios idas y vueltas con su representante, <strong>Maximiliano Meza puso la firma, extendi\u00f3 su contrato con el Rojo hasta junio de 2021 y se lo blind\u00f3 econ\u00f3micamente<\/strong>.<\/p>\n<p>Tal como pas\u00f3 d\u00edas atr\u00e1s con <a href=\"https:\/\/www.locoxelrojo.com\/independiente\/2018\/07\/24\/independiente-benitez-hasta-el-2021\/\">Mart\u00edn Ben\u00edtez<\/a>, \u00e9sta vez sucedi\u00f3 con el correntino. Antes de partir rumbo a Jap\u00f3n con sus compa\u00f1eros, <strong>estamp\u00f3 su firma y estir\u00f3 su contrato hasta junio de 2021. Adem\u00e1s de una mejora salarial se le subi\u00f3 la cl\u00e1usula de rescisi\u00f3n a 25.000.000 de d\u00f3lares (la anterior era de 12.000.000 limpios)<\/strong>.<\/p>\n<blockquote class=\"twitter-tweet\" data-lang=\"es\">\n<p dir=\"ltr\" lang=\"es\">\u00a1Maxi es del Rojo!<\/p>\n<p>Maximiliano Meza extendi\u00f3 su contrato con <a href=\"https:\/\/twitter.com\/hashtag\/Independiente?src=hash&amp;ref_src=twsrc%5Etfw\">#Independiente<\/a> hasta 2021.<a href=\"https:\/\/twitter.com\/hashtag\/Meza2021?src=hash&amp;ref_src=twsrc%5Etfw\">#Meza2021<\/a> <a href=\"https:\/\/twitter.com\/hashtag\/TodoRojo?src=hash&amp;ref_src=twsrc%5Etfw\">#TodoRojo<\/a> &#x1f534; <a href=\"https:\/\/t.co\/w1tEGtnU79\">pic.twitter.com\/w1tEGtnU79<\/a><\/p>\n<p>\u2014 C. A. Independiente (@Independiente) <a href=\"https:\/\/twitter.com\/Independiente\/status\/1023248022560559107?ref_src=twsrc%5Etfw\">28 de julio de 2018<\/a><\/p><\/blockquote>\n<p><script async src=\"https:\/\/platform.twitter.com\/widgets.js\" charset=\"utf-8\"><\/script><\/p>\n<p>Una gran noticia para el mundo Independiente, que retiene a quien es una de las figuras del equipo. <strong>\u00a1Vamos por la octava, Maxi!<\/strong><\/p>\n","protected":false},"excerpt":{"rendered":"<p>Luego de varios idas y vueltas con su representante, Maximiliano Meza puso la firma, extendi\u00f3 su contrato con el Rojo hasta junio de 2021 y se lo blind\u00f3 econ\u00f3micamente. Tal como pas\u00f3 d\u00edas atr\u00e1s con Mart\u00edn Ben\u00edtez, \u00e9sta vez sucedi\u00f3 con el correntino. Antes de partir rumbo a Jap\u00f3n con sus compa\u00f1eros, estamp\u00f3 su firma [&hellip;]<\/p>\n","protected":false},"author":101014,"featured_media":78691,"comment_status":"open","ping_status":"closed","sticky":false,"template":"","format":"standard","meta":{"_links_to":"","_links_to_target":""},"categories":[3247,3],"tags":[153,3303],"_links":{"self":[{"href":"https:\/\/www.locoxelrojo.com\/independiente\/wp-json\/wp\/v2\/posts\/78690"}],"collection":[{"href":"https:\/\/www.locoxelrojo.com\/independiente\/wp-json\/wp\/v2\/posts"}],"about":[{"href":"https:\/\/www.locoxelrojo.com\/independiente\/wp-json\/wp\/v2\/types\/post"}],"author":[{"embeddable":true,"href":"https:\/\/www.locoxelrojo.com\/independiente\/wp-json\/wp\/v2\/users\/101014"}],"replies":[{"embeddable":true,"href":"https:\/\/www.locoxelrojo.com\/independiente\/wp-json\/wp\/v2\/comments?post=78690"}],"version-history":[{"count":0,"href":"https:\/\/www.locoxelrojo.com\/independiente\/wp-json\/wp\/v2\/posts\/78690\/revisions"}],"wp:featuredmedia":[{"embeddable":true,"href":"https:\/\/www.locoxelrojo.com\/independiente\/wp-json\/wp\/v2\/media\/78691"}],"wp:attachment":[{"href":"https:\/\/www.locoxelrojo.com\/independiente\/wp-json\/wp\/v2\/media?parent=78690"}],"wp:term":[{"taxonomy":"category","embeddable":true,"href":"https:\/\/www.locoxelrojo.com\/independiente\/wp-json\/wp\/v2\/categories?post=78690"},{"taxonomy":"post_tag","embeddable":true,"href":"https:\/\/www.locoxelrojo.com\/independiente\/wp-json\/wp\/v2\/tags?post=78690"}],"curies":[{"name":"wp","href":"https:\/\/api.w.org\/{rel}","templated":true}]}}