{"id":78702,"date":"2018-07-29T18:39:28","date_gmt":"2018-07-29T21:39:28","guid":{"rendered":"http:\/\/www.locoxelrojo.com\/independiente\/?p=78702"},"modified":"2018-07-29T22:48:39","modified_gmt":"2018-07-30T01:48:39","slug":"el-nieto-de-holan-bien-cerca-de-la-delegacion-de-independiente-rojo","status":"publish","type":"post","link":"https:\/\/www.locoxelrojo.com\/independiente\/2018\/07\/29\/el-nieto-de-holan-bien-cerca-de-la-delegacion-de-independiente-rojo\/","title":{"rendered":"El nieto de Holan, bien cerca de la delegaci\u00f3n de Independiente"},"content":{"rendered":"<p><strong>Mientras la delegaci\u00f3n de Independiente esperaba para viajar a Jap\u00f3n, el nieto de Ariel Holan apareci\u00f3 en Ezeiza y se llev\u00f3 todos los flashes. \u00a1Mir\u00e1 los videos!<\/strong><\/p>\n<p>Momentos antes de partir hacia Osaka, <strong>el entrenador de Independiente fue sorprendido por su peque\u00f1o nieto<\/strong>, quien lo fue a despedir al Aeropuerto Internacional de Ezeiza. Tuvieron una breve y cari\u00f1osa charla con un gracioso pedido del nene.<\/p>\n<p><iframe loading=\"lazy\" src=\"http:\/\/www.espn.com.ar\/core\/video\/iframe?id=4590521&amp;endcard=false\" width=\"640\" height=\"360\" frameborder=\"0\" allowfullscreen=\"allowfullscreen\"><\/iframe><\/p>\n<p>Pero eso no fue todo. Con una campera de Independiente, el chico <strong>se movi\u00f3 a gusto en medio del plantel como un convocado m\u00e1s<\/strong>, salud\u00f3 a los jugadores y se sac\u00f3 fotos.<\/p>\n<p><iframe loading=\"lazy\" src=\"http:\/\/www.espn.com.ar\/core\/video\/iframe?id=4590237&amp;endcard=false\" width=\"640\" height=\"360\" frameborder=\"0\" allowfullscreen=\"allowfullscreen\"><\/iframe><\/p>\n","protected":false},"excerpt":{"rendered":"<p>Mientras la delegaci\u00f3n de Independiente esperaba para viajar a Jap\u00f3n, el nieto de Ariel Holan apareci\u00f3 en Ezeiza y se llev\u00f3 todos los flashes. \u00a1Mir\u00e1 los videos! Momentos antes de partir hacia Osaka, el entrenador de Independiente fue sorprendido por su peque\u00f1o nieto, quien lo fue a despedir al Aeropuerto Internacional de Ezeiza. Tuvieron una [&hellip;]<\/p>\n","protected":false},"author":8,"featured_media":78703,"comment_status":"open","ping_status":"closed","sticky":false,"template":"","format":"standard","meta":{"_links_to":"","_links_to_target":""},"categories":[3280,3247],"tags":[2998,153,967],"_links":{"self":[{"href":"https:\/\/www.locoxelrojo.com\/independiente\/wp-json\/wp\/v2\/posts\/78702"}],"collection":[{"href":"https:\/\/www.locoxelrojo.com\/independiente\/wp-json\/wp\/v2\/posts"}],"about":[{"href":"https:\/\/www.locoxelrojo.com\/independiente\/wp-json\/wp\/v2\/types\/post"}],"author":[{"embeddable":true,"href":"https:\/\/www.locoxelrojo.com\/independiente\/wp-json\/wp\/v2\/users\/8"}],"replies":[{"embeddable":true,"href":"https:\/\/www.locoxelrojo.com\/independiente\/wp-json\/wp\/v2\/comments?post=78702"}],"version-history":[{"count":0,"href":"https:\/\/www.locoxelrojo.com\/independiente\/wp-json\/wp\/v2\/posts\/78702\/revisions"}],"wp:featuredmedia":[{"embeddable":true,"href":"https:\/\/www.locoxelrojo.com\/independiente\/wp-json\/wp\/v2\/media\/78703"}],"wp:attachment":[{"href":"https:\/\/www.locoxelrojo.com\/independiente\/wp-json\/wp\/v2\/media?parent=78702"}],"wp:term":[{"taxonomy":"category","embeddable":true,"href":"https:\/\/www.locoxelrojo.com\/independiente\/wp-json\/wp\/v2\/categories?post=78702"},{"taxonomy":"post_tag","embeddable":true,"href":"https:\/\/www.locoxelrojo.com\/independiente\/wp-json\/wp\/v2\/tags?post=78702"}],"curies":[{"name":"wp","href":"https:\/\/api.w.org\/{rel}","templated":true}]}}