{"id":78712,"date":"2018-07-30T07:51:03","date_gmt":"2018-07-30T10:51:03","guid":{"rendered":"http:\/\/www.locoxelrojo.com\/independiente\/?p=78712"},"modified":"2018-07-30T22:18:32","modified_gmt":"2018-07-31T01:18:32","slug":"santos-ya-tiene-entrenador","status":"publish","type":"post","link":"https:\/\/www.locoxelrojo.com\/independiente\/2018\/07\/30\/santos-ya-tiene-entrenador\/","title":{"rendered":"Santos ya tiene DT"},"content":{"rendered":"<p><strong>El Santos de Brasil<\/strong>, quien ser\u00e1 el pr\u00f3ximo rival de Independiente en los octavos de final de la Copa Libertadores, <strong>finaliz\u00f3 con su b\u00fasqueda y ya tiene nuevo director t\u00e9cnico<\/strong>.<\/p>\n<p>El club Paulista no tuvo un gran desempe\u00f1o en lo que va del Brasileirao, por eso, <a href=\"https:\/\/www.locoxelrojo.com\/independiente\/2018\/07\/23\/rival-santos-se-quedo-sin-tecnico\/\">despidi\u00f3 a Jair Ventura<\/a> y sali\u00f3 en busca de un nuevo entrenador. <strong>El equipo se encuentra en zona de descenso con el Bah\u00eda compartiendo la 17ma posici\u00f3n, con 16 unidades.<\/strong><\/p>\n<p>Ante esto, y teniendo en cuenta los compromisos que se le vienen a futuro, <strong>el Santos acord\u00f3 en las \u00faltimas horas la llegada al puesto de t\u00e9cnico de Alexi Stival \u201cCuca\u201d<\/strong>. El DT supo jugar y dirigir en varios clubes de Brasil.<\/p>\n<blockquote class=\"twitter-tweet\" data-lang=\"es\">\n<p dir=\"ltr\" lang=\"pt\">Cuca, o cara que disse isso h\u00e1 6 anos, \u00e9 nosso novo treinador. <a href=\"https:\/\/t.co\/RFHdZSyBFU\">pic.twitter.com\/RFHdZSyBFU<\/a><\/p>\n<p>\u2014 Santos Futebol Clube (@SantosFC) <a href=\"https:\/\/twitter.com\/SantosFC\/status\/1023982165539934209?ref_src=twsrc%5Etfw\">30 de julio de 2018<\/a><\/p><\/blockquote>\n<p><script async src=\"https:\/\/platform.twitter.com\/widgets.js\" charset=\"utf-8\"><\/script><\/p>\n<p>Como entrenador se destacan en <strong>sus t\u00edtulos en 4 campeonatos locales, 3 copas de Brasil y el logro m\u00e1s importante, la Copa Libertadores 2013 obtenida con el Atl\u00e9tico Mineiro<\/strong> de Ronaldinho, entre otros.<\/p>\n","protected":false},"excerpt":{"rendered":"<p>El Santos de Brasil, quien ser\u00e1 el pr\u00f3ximo rival de Independiente en los octavos de final de la Copa Libertadores, finaliz\u00f3 con su b\u00fasqueda y ya tiene nuevo director t\u00e9cnico. El club Paulista no tuvo un gran desempe\u00f1o en lo que va del Brasileirao, por eso, despidi\u00f3 a Jair Ventura y sali\u00f3 en busca de [&hellip;]<\/p>\n","protected":false},"author":25,"featured_media":78713,"comment_status":"open","ping_status":"closed","sticky":false,"template":"","format":"standard","meta":{"_links_to":"","_links_to_target":""},"categories":[1990,3247],"tags":[153,3499,3980,1616],"_links":{"self":[{"href":"https:\/\/www.locoxelrojo.com\/independiente\/wp-json\/wp\/v2\/posts\/78712"}],"collection":[{"href":"https:\/\/www.locoxelrojo.com\/independiente\/wp-json\/wp\/v2\/posts"}],"about":[{"href":"https:\/\/www.locoxelrojo.com\/independiente\/wp-json\/wp\/v2\/types\/post"}],"author":[{"embeddable":true,"href":"https:\/\/www.locoxelrojo.com\/independiente\/wp-json\/wp\/v2\/users\/25"}],"replies":[{"embeddable":true,"href":"https:\/\/www.locoxelrojo.com\/independiente\/wp-json\/wp\/v2\/comments?post=78712"}],"version-history":[{"count":0,"href":"https:\/\/www.locoxelrojo.com\/independiente\/wp-json\/wp\/v2\/posts\/78712\/revisions"}],"wp:featuredmedia":[{"embeddable":true,"href":"https:\/\/www.locoxelrojo.com\/independiente\/wp-json\/wp\/v2\/media\/78713"}],"wp:attachment":[{"href":"https:\/\/www.locoxelrojo.com\/independiente\/wp-json\/wp\/v2\/media?parent=78712"}],"wp:term":[{"taxonomy":"category","embeddable":true,"href":"https:\/\/www.locoxelrojo.com\/independiente\/wp-json\/wp\/v2\/categories?post=78712"},{"taxonomy":"post_tag","embeddable":true,"href":"https:\/\/www.locoxelrojo.com\/independiente\/wp-json\/wp\/v2\/tags?post=78712"}],"curies":[{"name":"wp","href":"https:\/\/api.w.org\/{rel}","templated":true}]}}