{"id":78725,"date":"2018-07-31T12:43:17","date_gmt":"2018-07-31T15:43:17","guid":{"rendered":"http:\/\/www.locoxelrojo.com\/independiente\/?p=78725"},"modified":"2018-07-31T18:42:41","modified_gmt":"2018-07-31T21:42:41","slug":"como-esta-esa-rodilla-lean-fernandez","status":"publish","type":"post","link":"https:\/\/www.locoxelrojo.com\/independiente\/2018\/07\/31\/como-esta-esa-rodilla-lean-fernandez\/","title":{"rendered":"\u00bfC\u00f3mo est\u00e1 esa rodilla, Lean?"},"content":{"rendered":"<p><strong>Leandro Fern\u00e1ndez contin\u00faa con su rehabilitaci\u00f3n en Jap\u00f3n<\/strong> y al t\u00e9rmino de la pr\u00e1ctica de este martes se despach\u00f3 con esta joyita.<\/p>\n<p><a href=\"https:\/\/www.locoxelrojo.com\/independiente\/2018\/07\/31\/el-rey-de-copas-ya-esta-en-osaka\/\">Independiente ya est\u00e1 en Osaka<\/a> y hoy tuvo su <a href=\"https:\/\/www.locoxelrojo.com\/independiente\/2018\/07\/31\/la-primera-practica-en-japon\/\">primer entrenamiento en tierras asi\u00e1ticas<\/a>. Fern\u00e1ndez viaj\u00f3 para acompa\u00f1ar a la delegaci\u00f3n y <strong>para no perder tiempo sigue al pie de la letra su recuperaci\u00f3n tras la operaci\u00f3n en la rodilla<\/strong>.<\/p>\n<p>Al t\u00e9rmino de la pr\u00e1ctica, <strong>el delantero se qued\u00f3 un rato jugando con una pelota y mir\u00e1 lo que hizo<\/strong>:<\/p>\n<blockquote class=\"twitter-tweet\" data-lang=\"es\">\n<p dir=\"ltr\" lang=\"es\">Belleza, <a href=\"https:\/\/twitter.com\/leafernandez11?ref_src=twsrc%5Etfw\">@leafernandez11<\/a> &#x1f51d;<\/p>\n<p>Leandro sigue poni\u00e9ndose a punto y nos regal\u00f3 esta joyita durante el primer entrenamiento en Osaka &#x1f44f;<a href=\"https:\/\/twitter.com\/hashtag\/TodoRojo?src=hash&amp;ref_src=twsrc%5Etfw\">#TodoRojo<\/a> &#x1f534; <a href=\"https:\/\/t.co\/h6OdHZ2k4a\">pic.twitter.com\/h6OdHZ2k4a<\/a><\/p>\n<p>\u2014 C. A. Independiente (@Independiente) <a href=\"https:\/\/twitter.com\/Independiente\/status\/1024299456294834181?ref_src=twsrc%5Etfw\">31 de julio de 2018<\/a><\/p><\/blockquote>\n<p><script async src=\"https:\/\/platform.twitter.com\/widgets.js\" charset=\"utf-8\"><\/script><\/p>\n<p>\u00a1<strong>Ya se est\u00e1 calibrando, Lean!<\/strong><\/p>\n","protected":false},"excerpt":{"rendered":"<p>Leandro Fern\u00e1ndez contin\u00faa con su rehabilitaci\u00f3n en Jap\u00f3n y al t\u00e9rmino de la pr\u00e1ctica de este martes se despach\u00f3 con esta joyita. Independiente ya est\u00e1 en Osaka y hoy tuvo su primer entrenamiento en tierras asi\u00e1ticas. Fern\u00e1ndez viaj\u00f3 para acompa\u00f1ar a la delegaci\u00f3n y para no perder tiempo sigue al pie de la letra su [&hellip;]<\/p>\n","protected":false},"author":1,"featured_media":78726,"comment_status":"open","ping_status":"closed","sticky":false,"template":"","format":"standard","meta":{"_links_to":"","_links_to_target":""},"categories":[3247,3],"tags":[26,954,2921,3979],"_links":{"self":[{"href":"https:\/\/www.locoxelrojo.com\/independiente\/wp-json\/wp\/v2\/posts\/78725"}],"collection":[{"href":"https:\/\/www.locoxelrojo.com\/independiente\/wp-json\/wp\/v2\/posts"}],"about":[{"href":"https:\/\/www.locoxelrojo.com\/independiente\/wp-json\/wp\/v2\/types\/post"}],"author":[{"embeddable":true,"href":"https:\/\/www.locoxelrojo.com\/independiente\/wp-json\/wp\/v2\/users\/1"}],"replies":[{"embeddable":true,"href":"https:\/\/www.locoxelrojo.com\/independiente\/wp-json\/wp\/v2\/comments?post=78725"}],"version-history":[{"count":0,"href":"https:\/\/www.locoxelrojo.com\/independiente\/wp-json\/wp\/v2\/posts\/78725\/revisions"}],"wp:featuredmedia":[{"embeddable":true,"href":"https:\/\/www.locoxelrojo.com\/independiente\/wp-json\/wp\/v2\/media\/78726"}],"wp:attachment":[{"href":"https:\/\/www.locoxelrojo.com\/independiente\/wp-json\/wp\/v2\/media?parent=78725"}],"wp:term":[{"taxonomy":"category","embeddable":true,"href":"https:\/\/www.locoxelrojo.com\/independiente\/wp-json\/wp\/v2\/categories?post=78725"},{"taxonomy":"post_tag","embeddable":true,"href":"https:\/\/www.locoxelrojo.com\/independiente\/wp-json\/wp\/v2\/tags?post=78725"}],"curies":[{"name":"wp","href":"https:\/\/api.w.org\/{rel}","templated":true}]}}