{"id":78766,"date":"2018-08-02T07:00:33","date_gmt":"2018-08-02T10:00:33","guid":{"rendered":"http:\/\/www.locoxelrojo.com\/independiente\/?p=78766"},"modified":"2018-08-02T00:18:08","modified_gmt":"2018-08-02T03:18:08","slug":"albertengo-sobre-su-salida-del-rojo-entendi-la-decision-del-cuerpo-tecnico","status":"publish","type":"post","link":"https:\/\/www.locoxelrojo.com\/independiente\/2018\/08\/02\/albertengo-sobre-su-salida-del-rojo-entendi-la-decision-del-cuerpo-tecnico\/","title":{"rendered":"Albertengo, sobre su salida del Rojo: &#8220;Entend\u00ed la decisi\u00f3n del cuerpo t\u00e9cnico&#8221;"},"content":{"rendered":"<p>Luego de seis meses en el f\u00fatbol mexicano, <strong>Lucas Albertengo<\/strong> retorn\u00f3 al pa\u00eds y como no iba a ser tenido en cuenta por Ariel Holan arregl\u00f3 con Estudiantes un pr\u00e9stamo por un a\u00f1o.<\/p>\n<p>En di\u00e1logo con Gol de Vestuario, el Flaco dio detalles de su arribo al Pincha:\u00a0<strong>&#8220;El llamado de Agust\u00edn Alayes me gener\u00f3 mucho inter\u00e9s. Despu\u00e9s de eso le dije a mi representante que arregle con Estudiantes. Me hicieron sentir muy bien desde el primer momento&#8221;<\/strong>.<\/p>\n<p>Luego, cuando fue consultado sobre su salida de Independiente, el delantero expres\u00f3:\u00a0<strong>&#8220;No habl\u00e9 con Ariel Holan durante este mercado de pases. Siempre tuve buena relaci\u00f3n con \u00e9l y entend\u00ed la decisi\u00f3n del cuerpo t\u00e9cnico&#8221;<\/strong>.<\/p>\n<p>Albertengo reconoci\u00f3 que aunque se sienta bien f\u00edsicamente,\u00a0<strong>&#8220;es una l\u00e1stima llegar al partido de Copa Libertadores sin ritmo de competencia&#8221;<\/strong>. El Flaco afrontar\u00e1 un a\u00f1o con tres competiciones: Libertadores (ante Gremio), Copa Argentina (frente a Luj\u00e1n) y Superliga. <strong>&#8220;Mi objetivo personal es rendir y poder sumar minutos&#8221;<\/strong>, cerr\u00f3 Lucas, quien a mediados del a\u00f1o que viene regresa al Rojo.<\/p>\n","protected":false},"excerpt":{"rendered":"<p>Luego de seis meses en el f\u00fatbol mexicano, Lucas Albertengo retorn\u00f3 al pa\u00eds y como no iba a ser tenido en cuenta por Ariel Holan arregl\u00f3 con Estudiantes un pr\u00e9stamo por un a\u00f1o. En di\u00e1logo con Gol de Vestuario, el Flaco dio detalles de su arribo al Pincha:\u00a0&#8220;El llamado de Agust\u00edn Alayes me gener\u00f3 mucho [&hellip;]<\/p>\n","protected":false},"author":19,"featured_media":78767,"comment_status":"open","ping_status":"closed","sticky":false,"template":"","format":"standard","meta":{"_links_to":"","_links_to_target":""},"categories":[3297,3247],"tags":[153,277,2839,3298],"_links":{"self":[{"href":"https:\/\/www.locoxelrojo.com\/independiente\/wp-json\/wp\/v2\/posts\/78766"}],"collection":[{"href":"https:\/\/www.locoxelrojo.com\/independiente\/wp-json\/wp\/v2\/posts"}],"about":[{"href":"https:\/\/www.locoxelrojo.com\/independiente\/wp-json\/wp\/v2\/types\/post"}],"author":[{"embeddable":true,"href":"https:\/\/www.locoxelrojo.com\/independiente\/wp-json\/wp\/v2\/users\/19"}],"replies":[{"embeddable":true,"href":"https:\/\/www.locoxelrojo.com\/independiente\/wp-json\/wp\/v2\/comments?post=78766"}],"version-history":[{"count":0,"href":"https:\/\/www.locoxelrojo.com\/independiente\/wp-json\/wp\/v2\/posts\/78766\/revisions"}],"wp:featuredmedia":[{"embeddable":true,"href":"https:\/\/www.locoxelrojo.com\/independiente\/wp-json\/wp\/v2\/media\/78767"}],"wp:attachment":[{"href":"https:\/\/www.locoxelrojo.com\/independiente\/wp-json\/wp\/v2\/media?parent=78766"}],"wp:term":[{"taxonomy":"category","embeddable":true,"href":"https:\/\/www.locoxelrojo.com\/independiente\/wp-json\/wp\/v2\/categories?post=78766"},{"taxonomy":"post_tag","embeddable":true,"href":"https:\/\/www.locoxelrojo.com\/independiente\/wp-json\/wp\/v2\/tags?post=78766"}],"curies":[{"name":"wp","href":"https:\/\/api.w.org\/{rel}","templated":true}]}}