{"id":7881,"date":"2011-05-17T07:03:31","date_gmt":"2011-05-17T10:03:31","guid":{"rendered":"http:\/\/www.locoxelrojo.com.ar\/independiente\/?p=7881"},"modified":"2015-09-10T15:04:25","modified_gmt":"2015-09-10T18:04:25","slug":"pinas-van-pinas-vienen","status":"publish","type":"post","link":"https:\/\/www.locoxelrojo.com\/independiente\/2011\/05\/17\/pinas-van-pinas-vienen\/","title":{"rendered":"Pi\u00f1as van, pi\u00f1as vienen"},"content":{"rendered":"<p><a href=\"http:\/\/www.locoxelrojo.com.ar\/independiente\/wp-content\/uploads\/2011\/05\/pinasvan.jpg\"><img loading=\"lazy\" class=\"alignnone size-full wp-image-7882\" title=\"pinasvan\" src=\"http:\/\/www.locoxelrojo.com.ar\/independiente\/wp-content\/uploads\/2011\/05\/pinasvan.jpg\" alt=\"\" width=\"590\" height=\"315\" srcset=\"https:\/\/locoxelrojo.com\/independiente\/wp-content\/uploads\/2011\/05\/pinasvan.jpg 590w, https:\/\/locoxelrojo.com\/independiente\/wp-content\/uploads\/2011\/05\/pinasvan-300x160.jpg 300w\" sizes=\"(max-width: 590px) 100vw, 590px\" \/><\/a><\/p>\n<p>Anoche, en la reuni\u00f3n de Comisi\u00f3n Directiva donde se iban a presentar las nuevas autoridades que se van hacer cargo del Estadio Libertadores de Am\u00e9rica y del Colegio, todo termin\u00f3 en esc\u00e1ndalo <strong>cuando Boris Lisnovsky tom\u00f3 la palabra y acus\u00f3 a sus pares de ladrones y de realizar negocios perjudicando la econom\u00eda y la imagen del Club Atl\u00e9tico Independiente.<\/strong><\/p>\n<p><strong>Esta informaci\u00f3n fue primicia en LXR Radio, minutos despu\u00e9s que finalizara la reuni\u00f3n<\/strong>. De las acusaciones no se salv\u00f3 nadie: <strong>Julio Comparada, Cristi\u00e1n Mattera, Fernando Sciacaluga, Salvador \u201cPocho\u201d P\u00e9rez, Osvaldo Calvo, Ezequiel Faccio y Daniel Olgu\u00edn quien termin\u00f3 desmayado.<\/strong><\/p>\n<p><strong>La reuni\u00f3n finaliz\u00f3 con pi\u00f1as, sillazos, insultos y agresiones de todo tipo. Daniel Olgu\u00edn fue quien se llev\u00f3 la peor parte ya que termin\u00f3 desmayado.<\/strong><\/p>\n<p>Todo esto se produjo delante del Presidente Julio Comparada, qui\u00e9n tambi\u00e9n fue apuntado por el Vice en ejercicio, que tom\u00f3 la decisi\u00f3n d\u00edas atr\u00e1s de separar del cargo que Boris ocupaba en el Colegio. Adem\u00e1s para las pr\u00f3ximas elecciones no va a figurar en el trinomio que presentar\u00e1 el oficialismo, por lo que quiz\u00e1s ese fue el principal motivo por el que Lisnovsky denunci\u00f3 todas estas cosas ahora y no en su debido momento.<\/p>\n<p>Hay que ver como queda parado el oficialismo despu\u00e9s de este esc\u00e1ndalo que no le hace para nada bien a Independiente.<\/p>\n","protected":false},"excerpt":{"rendered":"<p>Anoche, en la reuni\u00f3n de Comisi\u00f3n Directiva donde se iban a presentar las nuevas autoridades que se van hacer cargo del Estadio Libertadores de Am\u00e9rica y del Colegio, todo termin\u00f3 en esc\u00e1ndalo cuando Boris Lisnovsky tom\u00f3 la palabra y acus\u00f3 a sus pares de ladrones y de realizar negocios perjudicando la econom\u00eda y la imagen [&hellip;]<\/p>\n","protected":false},"author":1,"featured_media":0,"comment_status":"open","ping_status":"open","sticky":false,"template":"","format":"standard","meta":{"_links_to":"","_links_to_target":""},"categories":[4,1],"tags":[39,153,103,795,794,33,49,322],"_links":{"self":[{"href":"https:\/\/www.locoxelrojo.com\/independiente\/wp-json\/wp\/v2\/posts\/7881"}],"collection":[{"href":"https:\/\/www.locoxelrojo.com\/independiente\/wp-json\/wp\/v2\/posts"}],"about":[{"href":"https:\/\/www.locoxelrojo.com\/independiente\/wp-json\/wp\/v2\/types\/post"}],"author":[{"embeddable":true,"href":"https:\/\/www.locoxelrojo.com\/independiente\/wp-json\/wp\/v2\/users\/1"}],"replies":[{"embeddable":true,"href":"https:\/\/www.locoxelrojo.com\/independiente\/wp-json\/wp\/v2\/comments?post=7881"}],"version-history":[{"count":0,"href":"https:\/\/www.locoxelrojo.com\/independiente\/wp-json\/wp\/v2\/posts\/7881\/revisions"}],"wp:attachment":[{"href":"https:\/\/www.locoxelrojo.com\/independiente\/wp-json\/wp\/v2\/media?parent=7881"}],"wp:term":[{"taxonomy":"category","embeddable":true,"href":"https:\/\/www.locoxelrojo.com\/independiente\/wp-json\/wp\/v2\/categories?post=7881"},{"taxonomy":"post_tag","embeddable":true,"href":"https:\/\/www.locoxelrojo.com\/independiente\/wp-json\/wp\/v2\/tags?post=7881"}],"curies":[{"name":"wp","href":"https:\/\/api.w.org\/{rel}","templated":true}]}}