{"id":78818,"date":"2018-08-05T09:46:03","date_gmt":"2018-08-05T12:46:03","guid":{"rendered":"http:\/\/www.locoxelrojo.com\/independiente\/?p=78818"},"modified":"2018-08-05T23:04:13","modified_gmt":"2018-08-06T02:04:13","slug":"por-ahora-se-queda-meza","status":"publish","type":"post","link":"https:\/\/www.locoxelrojo.com\/independiente\/2018\/08\/05\/por-ahora-se-queda-meza\/","title":{"rendered":"Por ahora, se queda"},"content":{"rendered":"<p>El representante de Maximiliano Meza, <strong>Sergio Carrizo<\/strong>, ech\u00f3 por tierra las posibilidades que indicaban que el mediocampista emigrara al f\u00fatbol italiano tras aclarar un malentendido con un medio italiano.<\/p>\n<p><a href=\"https:\/\/www.locoxelrojo.com\/independiente\/2018\/08\/04\/otra-vez-mira-inter\/\">Pese a que ayer comenz\u00f3 a sonar fuerte el inter\u00e9s del Inter de llevarse al correntino<\/a>, el agente del jugador se encarg\u00f3 de aclarar la cuesti\u00f3n.\u00a0<strong>&#8220;Efectivamente me llam\u00f3 un periodista de Italia para preguntarme si era real lo del Inter por Maxi, le dije que s\u00ed pero omiti\u00f3 poner que esa reuni\u00f3n en Londres fue a comienzos de mayo y que despu\u00e9s de eso la cuesti\u00f3n se fue apagando y no ha vuelto a surgir el inter\u00e9s&#8221;<\/strong>, le revel\u00f3 a Clar\u00edn.<\/p>\n<p>Sin embargo, dej\u00f3 la puerta abierta ante un ofrecimiento en el futuro.\u00a0<strong>&#8220;Ser\u00eda un placer si llegara una oferta concreta con membrete. Si eso ocurriera, (Ariel) Holan, Pablo Moyano y H\u00e9ctor Maldonado ser\u00edan los primeros en enterarse porque se han portado como se\u00f1ores con Maxi. Pero no ha habido nada nuevo por \u00e9l&#8221;<\/strong>, asegur\u00f3.<\/p>\n<p>Cabe destacar que la semana pasada, <strong>H\u00e9ctor Maldonado<\/strong>, secretario general del club, <a href=\"https:\/\/www.locoxelrojo.com\/independiente\/2018\/07\/31\/maldonado-no-se-va-a-ir-ningun-jugador-mas-independiente-en-este-mercado\/\">afirm\u00f3 que ning\u00fan jugador m\u00e1s se iba a ir en este mercado de pases<\/a>. Y antes de partir a Jap\u00f3n, <a href=\"https:\/\/www.locoxelrojo.com\/independiente\/2018\/07\/28\/independiente-hay-meza-para-rato\/\">Meza extendi\u00f3 su contrato hasta 2021 con una cl\u00e1usula de salida de 25.000.000 de d\u00f3lares<\/a>. <strong>\u00bfSe quedar\u00e1 Maxi finalmente?<\/strong><\/p>\n","protected":false},"excerpt":{"rendered":"<p>El representante de Maximiliano Meza, Sergio Carrizo, ech\u00f3 por tierra las posibilidades que indicaban que el mediocampista emigrara al f\u00fatbol italiano tras aclarar un malentendido con un medio italiano. Pese a que ayer comenz\u00f3 a sonar fuerte el inter\u00e9s del Inter de llevarse al correntino, el agente del jugador se encarg\u00f3 de aclarar la cuesti\u00f3n.\u00a0&#8220;Efectivamente [&hellip;]<\/p>\n","protected":false},"author":19,"featured_media":77844,"comment_status":"open","ping_status":"closed","sticky":false,"template":"","format":"standard","meta":{"_links_to":"","_links_to_target":""},"categories":[3280,3247],"tags":[153,3988,3303,3309],"_links":{"self":[{"href":"https:\/\/www.locoxelrojo.com\/independiente\/wp-json\/wp\/v2\/posts\/78818"}],"collection":[{"href":"https:\/\/www.locoxelrojo.com\/independiente\/wp-json\/wp\/v2\/posts"}],"about":[{"href":"https:\/\/www.locoxelrojo.com\/independiente\/wp-json\/wp\/v2\/types\/post"}],"author":[{"embeddable":true,"href":"https:\/\/www.locoxelrojo.com\/independiente\/wp-json\/wp\/v2\/users\/19"}],"replies":[{"embeddable":true,"href":"https:\/\/www.locoxelrojo.com\/independiente\/wp-json\/wp\/v2\/comments?post=78818"}],"version-history":[{"count":1,"href":"https:\/\/www.locoxelrojo.com\/independiente\/wp-json\/wp\/v2\/posts\/78818\/revisions"}],"predecessor-version":[{"id":78819,"href":"https:\/\/www.locoxelrojo.com\/independiente\/wp-json\/wp\/v2\/posts\/78818\/revisions\/78819"}],"wp:featuredmedia":[{"embeddable":true,"href":"https:\/\/www.locoxelrojo.com\/independiente\/wp-json\/wp\/v2\/media\/77844"}],"wp:attachment":[{"href":"https:\/\/www.locoxelrojo.com\/independiente\/wp-json\/wp\/v2\/media?parent=78818"}],"wp:term":[{"taxonomy":"category","embeddable":true,"href":"https:\/\/www.locoxelrojo.com\/independiente\/wp-json\/wp\/v2\/categories?post=78818"},{"taxonomy":"post_tag","embeddable":true,"href":"https:\/\/www.locoxelrojo.com\/independiente\/wp-json\/wp\/v2\/tags?post=78818"}],"curies":[{"name":"wp","href":"https:\/\/api.w.org\/{rel}","templated":true}]}}