{"id":7888,"date":"2011-05-17T17:14:10","date_gmt":"2011-05-17T20:14:10","guid":{"rendered":"http:\/\/www.locoxelrojo.com.ar\/independiente\/?p=7888"},"modified":"2011-05-17T17:38:19","modified_gmt":"2011-05-17T20:38:19","slug":"vuelta-al-trabajo-4","status":"publish","type":"post","link":"https:\/\/www.locoxelrojo.com\/independiente\/2011\/05\/17\/vuelta-al-trabajo-4\/","title":{"rendered":"Vuelta al trabajo"},"content":{"rendered":"<p><a href=\"http:\/\/www.locoxelrojo.com.ar\/independiente\/wp-content\/uploads\/2011\/05\/Entrenamiento-Independiente.jpg\"><img loading=\"lazy\" class=\"alignnone size-full wp-image-7894\" title=\"Entrenamiento Independiente\" src=\"http:\/\/www.locoxelrojo.com.ar\/independiente\/wp-content\/uploads\/2011\/05\/Entrenamiento-Independiente.jpg\" alt=\"\" width=\"590\" height=\"315\" srcset=\"https:\/\/locoxelrojo.com\/independiente\/wp-content\/uploads\/2011\/05\/Entrenamiento-Independiente.jpg 590w, https:\/\/locoxelrojo.com\/independiente\/wp-content\/uploads\/2011\/05\/Entrenamiento-Independiente-300x160.jpg 300w\" sizes=\"(max-width: 590px) 100vw, 590px\" \/><\/a><\/p>\n<p>Luego de tener la tarde libre en el d\u00eda de ayer, Independiente volvi\u00f3 a entrenarse por la ma\u00f1ana en Villa Dom\u00ednico. Las bajas fueron 4 puesto a que Lucas Villafa\u00f1ez y Leonel Galeano se entrenaron con el sub 20 y Adri\u00e1n Gabbarini y Juli\u00e1n Vel\u00e1zquez hicieron lo propio con la selecci\u00f3n mayor.<\/p>\n<p>Antonio Mohamed dispuso regenerativo para los titulares en Bah\u00eda Blanca y f\u00fatbol reducido para el resto. Si bien volvieron Nicol\u00e1s Cabrera e Iv\u00e1n P\u00e9rez, se aguarda por la reicorporaci\u00f3n de Mat\u00edas Defederico en lo que resta de la semana. La mala noticia del d\u00eda fue la lesi\u00f3n de Jairo Castillo quien no continuar\u00eda en el club a partir de julio.<\/p>\n<p>Independiente vuelve a entrenarse ma\u00f1ana a las 10 de la ma\u00f1ana a puertas abiertas para la prensa. Luego, habr\u00e1 atenci\u00f3n del plantel al periodismo.<\/p>\n","protected":false},"excerpt":{"rendered":"<p>Luego de tener la tarde libre en el d\u00eda de ayer, Independiente volvi\u00f3 a entrenarse por la ma\u00f1ana en Villa Dom\u00ednico. Las bajas fueron 4 puesto a que Lucas Villafa\u00f1ez y Leonel Galeano se entrenaron con el sub 20 y Adri\u00e1n Gabbarini y Juli\u00e1n Vel\u00e1zquez hicieron lo propio con la selecci\u00f3n mayor. Antonio Mohamed dispuso [&hellip;]<\/p>\n","protected":false},"author":1,"featured_media":0,"comment_status":"open","ping_status":"open","sticky":false,"template":"","format":"standard","meta":{"_links_to":"","_links_to_target":""},"categories":[3,1],"tags":[77,153,187,630,32,60,61,108],"_links":{"self":[{"href":"https:\/\/www.locoxelrojo.com\/independiente\/wp-json\/wp\/v2\/posts\/7888"}],"collection":[{"href":"https:\/\/www.locoxelrojo.com\/independiente\/wp-json\/wp\/v2\/posts"}],"about":[{"href":"https:\/\/www.locoxelrojo.com\/independiente\/wp-json\/wp\/v2\/types\/post"}],"author":[{"embeddable":true,"href":"https:\/\/www.locoxelrojo.com\/independiente\/wp-json\/wp\/v2\/users\/1"}],"replies":[{"embeddable":true,"href":"https:\/\/www.locoxelrojo.com\/independiente\/wp-json\/wp\/v2\/comments?post=7888"}],"version-history":[{"count":0,"href":"https:\/\/www.locoxelrojo.com\/independiente\/wp-json\/wp\/v2\/posts\/7888\/revisions"}],"wp:attachment":[{"href":"https:\/\/www.locoxelrojo.com\/independiente\/wp-json\/wp\/v2\/media?parent=7888"}],"wp:term":[{"taxonomy":"category","embeddable":true,"href":"https:\/\/www.locoxelrojo.com\/independiente\/wp-json\/wp\/v2\/categories?post=7888"},{"taxonomy":"post_tag","embeddable":true,"href":"https:\/\/www.locoxelrojo.com\/independiente\/wp-json\/wp\/v2\/tags?post=7888"}],"curies":[{"name":"wp","href":"https:\/\/api.w.org\/{rel}","templated":true}]}}