{"id":79006,"date":"2018-08-13T10:59:35","date_gmt":"2018-08-13T13:59:35","guid":{"rendered":"http:\/\/www.locoxelrojo.com\/independiente\/?p=79006"},"modified":"2018-08-13T22:38:33","modified_gmt":"2018-08-14T01:38:33","slug":"mauro-molina-espero-tener-la-chance-de-jugar-este-semestre","status":"publish","type":"post","link":"https:\/\/www.locoxelrojo.com\/independiente\/2018\/08\/13\/mauro-molina-espero-tener-la-chance-de-jugar-este-semestre\/","title":{"rendered":"Molina: &#8220;Espero tener la chance de jugar este semestre&#8221;"},"content":{"rendered":"<p><strong>Mauro Molina<\/strong>, delantero de la Reserva dirigida por Fernando Ber\u00f3n, <strong>manifest\u00f3 el deseo de tener la oportunidad de jugar en Primera Divisi\u00f3n<\/strong>.<\/p>\n<p><strong>\u201cAriel (Holan) siempre habla conmigo y s\u00e9 que me tiene en cuenta. Estoy esperando que me llegue la oportunidad para poder aprovecharla\u201d<\/strong>, expres\u00f3 <a href=\"https:\/\/www.locoxelrojo.com\/independiente\/2018\/08\/12\/la-reserva-arranco-con-el-pie-derecho-independiente\/\">el juvenil que viene de marcar dos goles ante San Mart\u00edn de Tucum\u00e1n<\/a> por la primera fecha del torneo de Reserva.<\/p>\n<p>Molina, quien debut\u00f3 en la Primera de Independiente en el campeonato pasado ante Arsenal de Sarand\u00ed, aspira a ganarse un lugar en un semestre muy competitivo: <strong>\u201cEspero que este semestre tenga la chance de jugar. Con esto de que Independiente va a jugar varios partidos seguidos a lo mejor se me da jugar, uno siempre tiene la ilusi\u00f3n\u201d<\/strong>.<\/p>\n<p>En di\u00e1logo con Muy Independiente, el delantero de 19 a\u00f1os describi\u00f3 sus caracter\u00edsticas: <strong>\u201cMe considero un 9 de \u00e1rea que termina la jugada, tengo mucho juego a\u00e9reo\u201d<\/strong>. Y cerr\u00f3: <strong>\u201cHablo mucho con Emmanuel Gigliotti me da consejos y me corrige cuando defino mal o me apuro\u201d<\/strong>.<\/p>\n","protected":false},"excerpt":{"rendered":"<p>Mauro Molina, delantero de la Reserva dirigida por Fernando Ber\u00f3n, manifest\u00f3 el deseo de tener la oportunidad de jugar en Primera Divisi\u00f3n. \u201cAriel (Holan) siempre habla conmigo y s\u00e9 que me tiene en cuenta. Estoy esperando que me llegue la oportunidad para poder aprovecharla\u201d, expres\u00f3 el juvenil que viene de marcar dos goles ante San [&hellip;]<\/p>\n","protected":false},"author":101011,"featured_media":79007,"comment_status":"open","ping_status":"closed","sticky":false,"template":"","format":"standard","meta":{"_links_to":"","_links_to_target":""},"categories":[3247,3],"tags":[3659],"_links":{"self":[{"href":"https:\/\/www.locoxelrojo.com\/independiente\/wp-json\/wp\/v2\/posts\/79006"}],"collection":[{"href":"https:\/\/www.locoxelrojo.com\/independiente\/wp-json\/wp\/v2\/posts"}],"about":[{"href":"https:\/\/www.locoxelrojo.com\/independiente\/wp-json\/wp\/v2\/types\/post"}],"author":[{"embeddable":true,"href":"https:\/\/www.locoxelrojo.com\/independiente\/wp-json\/wp\/v2\/users\/101011"}],"replies":[{"embeddable":true,"href":"https:\/\/www.locoxelrojo.com\/independiente\/wp-json\/wp\/v2\/comments?post=79006"}],"version-history":[{"count":0,"href":"https:\/\/www.locoxelrojo.com\/independiente\/wp-json\/wp\/v2\/posts\/79006\/revisions"}],"wp:featuredmedia":[{"embeddable":true,"href":"https:\/\/www.locoxelrojo.com\/independiente\/wp-json\/wp\/v2\/media\/79007"}],"wp:attachment":[{"href":"https:\/\/www.locoxelrojo.com\/independiente\/wp-json\/wp\/v2\/media?parent=79006"}],"wp:term":[{"taxonomy":"category","embeddable":true,"href":"https:\/\/www.locoxelrojo.com\/independiente\/wp-json\/wp\/v2\/categories?post=79006"},{"taxonomy":"post_tag","embeddable":true,"href":"https:\/\/www.locoxelrojo.com\/independiente\/wp-json\/wp\/v2\/tags?post=79006"}],"curies":[{"name":"wp","href":"https:\/\/api.w.org\/{rel}","templated":true}]}}