{"id":79247,"date":"2018-08-23T16:00:03","date_gmt":"2018-08-23T19:00:03","guid":{"rendered":"http:\/\/www.locoxelrojo.com\/independiente\/?p=79247"},"modified":"2018-08-24T09:08:59","modified_gmt":"2018-08-24T12:08:59","slug":"nicolas-figal-tenemos-pensado-ir-a-ganar-en-brasil-porque-hoy-esta-0-0","status":"publish","type":"post","link":"https:\/\/www.locoxelrojo.com\/independiente\/2018\/08\/23\/nicolas-figal-tenemos-pensado-ir-a-ganar-en-brasil-porque-hoy-esta-0-0\/","title":{"rendered":"Figal: &#8220;Tenemos pensado ir a ganar en Brasil porque hoy est\u00e1 0-0&#8221;"},"content":{"rendered":"<p>En la previa del encuentro ante Defensa y Justicia, <strong>Nicol\u00e1s Figal<\/strong> fue designado por la Superliga para la habitual conferencia de prensa del partido destacado de la jornada.<\/p>\n<p>Sobre el encuentro de ma\u00f1ana ante el Halc\u00f3n de Varela, el defensor se\u00f1al\u00f3: <strong>&#8220;Nosotros vamos a apostar a tener la pelota y a un juego vertical. Defensa tiene un gran equipo, pero Independiente tiene jugadores para sacar ventaja&#8221;<\/strong>.<\/p>\n<p>Luego se refiri\u00f3 <a href=\"https:\/\/www.locoxelrojo.com\/independiente\/2018\/08\/22\/estuvo-bien-incluido-carlos-sanchez\/\">al caso de Carlos S\u00e1nchez<\/a>:\u00a0<strong>&#8220;Es ajeno a nosotros, no hay nada oficial. Nosotros tenemos pensado ir el martes a Brasil a ganar porque hoy en d\u00eda el partido est\u00e1 0-0&#8221;<\/strong>.<\/p>\n<p>Por \u00faltimo, reconoci\u00f3 la labor de Guillermo Burdisso y Emanuel Br\u00edtez tras el encuentro contra Santos. <strong>&#8220;Despues del partido los felicite porque era muy dificil y hac\u00eda tiempo que no jugaban. Me pone muy contento que un compa\u00f1ero de nosotros cuando le toque est\u00e9 a la altura&#8221;<\/strong>, sentenci\u00f3.<\/p>\n<p>A continuaci\u00f3n repas\u00e1 todo lo que dijo el defensor del Rojo que se perfila para ser titular el martes en el Pacaemb\u00fa.<\/p>\n<blockquote class=\"twitter-tweet\" data-lang=\"es\">\n<p dir=\"ltr\" lang=\"pt\"><a href=\"https:\/\/twitter.com\/hashtag\/ConferenciaSAF?src=hash&amp;ref_src=twsrc%5Etfw\">#ConferenciaSAF<\/a> &#8211; Nicol\u00e1s Figal (Independiente) <a href=\"https:\/\/t.co\/zCmBRQr5sy\">https:\/\/t.co\/zCmBRQr5sy<\/a><\/p>\n<p>\u2014 Superliga Argentina (@argsaf) <a href=\"https:\/\/twitter.com\/argsaf\/status\/1032679390239322112?ref_src=twsrc%5Etfw\">23 de agosto de 2018<\/a><\/p><\/blockquote>\n<p><script async src=\"https:\/\/platform.twitter.com\/widgets.js\" charset=\"utf-8\"><\/script><\/p>\n","protected":false},"excerpt":{"rendered":"<p>En la previa del encuentro ante Defensa y Justicia, Nicol\u00e1s Figal fue designado por la Superliga para la habitual conferencia de prensa del partido destacado de la jornada. Sobre el encuentro de ma\u00f1ana ante el Halc\u00f3n de Varela, el defensor se\u00f1al\u00f3: &#8220;Nosotros vamos a apostar a tener la pelota y a un juego vertical. Defensa [&hellip;]<\/p>\n","protected":false},"author":19,"featured_media":79248,"comment_status":"open","ping_status":"closed","sticky":false,"template":"","format":"standard","meta":{"_links_to":"","_links_to_target":""},"categories":[3247,3],"tags":[153,2625],"_links":{"self":[{"href":"https:\/\/www.locoxelrojo.com\/independiente\/wp-json\/wp\/v2\/posts\/79247"}],"collection":[{"href":"https:\/\/www.locoxelrojo.com\/independiente\/wp-json\/wp\/v2\/posts"}],"about":[{"href":"https:\/\/www.locoxelrojo.com\/independiente\/wp-json\/wp\/v2\/types\/post"}],"author":[{"embeddable":true,"href":"https:\/\/www.locoxelrojo.com\/independiente\/wp-json\/wp\/v2\/users\/19"}],"replies":[{"embeddable":true,"href":"https:\/\/www.locoxelrojo.com\/independiente\/wp-json\/wp\/v2\/comments?post=79247"}],"version-history":[{"count":0,"href":"https:\/\/www.locoxelrojo.com\/independiente\/wp-json\/wp\/v2\/posts\/79247\/revisions"}],"wp:featuredmedia":[{"embeddable":true,"href":"https:\/\/www.locoxelrojo.com\/independiente\/wp-json\/wp\/v2\/media\/79248"}],"wp:attachment":[{"href":"https:\/\/www.locoxelrojo.com\/independiente\/wp-json\/wp\/v2\/media?parent=79247"}],"wp:term":[{"taxonomy":"category","embeddable":true,"href":"https:\/\/www.locoxelrojo.com\/independiente\/wp-json\/wp\/v2\/categories?post=79247"},{"taxonomy":"post_tag","embeddable":true,"href":"https:\/\/www.locoxelrojo.com\/independiente\/wp-json\/wp\/v2\/tags?post=79247"}],"curies":[{"name":"wp","href":"https:\/\/api.w.org\/{rel}","templated":true}]}}