{"id":79251,"date":"2018-08-23T19:44:46","date_gmt":"2018-08-23T22:44:46","guid":{"rendered":"http:\/\/www.locoxelrojo.com\/independiente\/?p=79251"},"modified":"2018-08-24T09:09:10","modified_gmt":"2018-08-24T12:09:10","slug":"concentrados-independiente-vs-defensa-y-justicia-vuelven-tres-y-descansan-cinco","status":"publish","type":"post","link":"https:\/\/www.locoxelrojo.com\/independiente\/2018\/08\/23\/concentrados-independiente-vs-defensa-y-justicia-vuelven-tres-y-descansan-cinco\/","title":{"rendered":"Concentrados vs. Defensa y Justicia: vuelven tres y descansan cinco"},"content":{"rendered":"<p><strong>Ariel Holan entreg\u00f3 la lista de convocados para afrontar el partido ante Defensa y Justicia este viernes en Avellaneda. La misma est\u00e1 conformada por 20 jugadores, de los cuales dos quedar\u00e1n excluidos del banco de suplentes.<\/strong><\/p>\n<p>En plena seguidilla de partidos, el entrenador de Independiente decidi\u00f3 apelar a la rotaci\u00f3n y dej\u00f3 afuera de la lista a varios de los que fueron titulares por Copa Libertadores: <strong>Guillermo Burdisso, Gast\u00f3n Silva, Pablo Hern\u00e1ndez y Maximiliano Meza no forman parte de la n\u00f3mina. Tampoco est\u00e1 Mart\u00edn Ben\u00edtez<\/strong>, quien sigue entren\u00e1ndose de manera diferenciada por su contractura en la pierna izquierda.<\/p>\n<p><strong>Vuelven a concentrar Alan Franco y Nicol\u00e1s Figal<\/strong>, que debieron cumplir suspensi\u00f3n por Libertadores, y<strong> tambi\u00e9n lo hace el uruguayo Carlos Benav\u00eddez<\/strong>, que no puede jugar dicho torneo.<\/p>\n<h3>Los 20 concentrados<\/h3>\n<p><strong>Arqueros:<\/strong> Mart\u00edn Campa\u00f1a y Milton \u00c1lvarez.<\/p>\n<p><strong>Defensores:<\/strong> Alan Franco, Nicol\u00e1s Figal, Juan S\u00e1nchez Mi\u00f1o, Gonzalo As\u00eds, Fabricio Bustos, Emanuel Br\u00edtez y Sergio Barreto.<\/p>\n<p><strong>Mediocampistas:<\/strong> Nicol\u00e1s Domingo, Fernando Gaibor, Carlos Benav\u00eddez y Francisco Silva.<\/p>\n<p><strong>Delanteros:<\/strong> Emmanuel Gigliotti, Braian Romero, Silvio Romero, Mauro Molina, Ezequiel Cerutti, Francisco Pizzini y Gonzalo Ver\u00f3n.<\/p>\n","protected":false},"excerpt":{"rendered":"<p>Ariel Holan entreg\u00f3 la lista de convocados para afrontar el partido ante Defensa y Justicia este viernes en Avellaneda. La misma est\u00e1 conformada por 20 jugadores, de los cuales dos quedar\u00e1n excluidos del banco de suplentes. En plena seguidilla de partidos, el entrenador de Independiente decidi\u00f3 apelar a la rotaci\u00f3n y dej\u00f3 afuera de la [&hellip;]<\/p>\n","protected":false},"author":101014,"featured_media":78992,"comment_status":"open","ping_status":"closed","sticky":false,"template":"","format":"standard","meta":{"_links_to":"","_links_to_target":""},"categories":[3247,3],"tags":[3231,3758,153,2024,3557,2947,258,3303,2625,2106],"_links":{"self":[{"href":"https:\/\/www.locoxelrojo.com\/independiente\/wp-json\/wp\/v2\/posts\/79251"}],"collection":[{"href":"https:\/\/www.locoxelrojo.com\/independiente\/wp-json\/wp\/v2\/posts"}],"about":[{"href":"https:\/\/www.locoxelrojo.com\/independiente\/wp-json\/wp\/v2\/types\/post"}],"author":[{"embeddable":true,"href":"https:\/\/www.locoxelrojo.com\/independiente\/wp-json\/wp\/v2\/users\/101014"}],"replies":[{"embeddable":true,"href":"https:\/\/www.locoxelrojo.com\/independiente\/wp-json\/wp\/v2\/comments?post=79251"}],"version-history":[{"count":1,"href":"https:\/\/www.locoxelrojo.com\/independiente\/wp-json\/wp\/v2\/posts\/79251\/revisions"}],"predecessor-version":[{"id":79252,"href":"https:\/\/www.locoxelrojo.com\/independiente\/wp-json\/wp\/v2\/posts\/79251\/revisions\/79252"}],"wp:featuredmedia":[{"embeddable":true,"href":"https:\/\/www.locoxelrojo.com\/independiente\/wp-json\/wp\/v2\/media\/78992"}],"wp:attachment":[{"href":"https:\/\/www.locoxelrojo.com\/independiente\/wp-json\/wp\/v2\/media?parent=79251"}],"wp:term":[{"taxonomy":"category","embeddable":true,"href":"https:\/\/www.locoxelrojo.com\/independiente\/wp-json\/wp\/v2\/categories?post=79251"},{"taxonomy":"post_tag","embeddable":true,"href":"https:\/\/www.locoxelrojo.com\/independiente\/wp-json\/wp\/v2\/tags?post=79251"}],"curies":[{"name":"wp","href":"https:\/\/api.w.org\/{rel}","templated":true}]}}