{"id":79253,"date":"2018-08-23T21:00:37","date_gmt":"2018-08-24T00:00:37","guid":{"rendered":"http:\/\/www.locoxelrojo.com\/independiente\/?p=79253"},"modified":"2018-08-24T09:09:19","modified_gmt":"2018-08-24T12:09:19","slug":"rival-asi-llega-defensa-y-justicia-2","status":"publish","type":"post","link":"https:\/\/www.locoxelrojo.com\/independiente\/2018\/08\/23\/rival-asi-llega-defensa-y-justicia-2\/","title":{"rendered":"As\u00ed llega Defensa y Justicia"},"content":{"rendered":"<p><strong>Independiente recibir\u00e1 a Defensa y Justicia este viernes desde las 21:15 en el estadio Libertadores de Am\u00e9rica por la 3\u00b0 fecha de la Superliga 2018\/19.<\/strong> El Halc\u00f3n viene de cinco partidos sin ganar y buscar\u00e1 cortar la racha en Avellaneda.<\/p>\n<p><strong>El equipo de Varela jug\u00f3 el martes pasado como local por la Copa Sudamericana ante Banfield y empat\u00f3 sin goles.<\/strong> En el plano local, se enfrent\u00f3 el \u00faltimo s\u00e1bado con Atl\u00e9tico Tucum\u00e1n y rescat\u00f3 un empate 1-1. <strong>En lo que va de la Superliga, se ubica en el puesto 16\u00b0 de la tabla con dos puntos, producto de dos igualdades.<\/p>\n<p><\/strong>Para este encuentro, el t\u00e9cnico Sebasti\u00e1n Beccacece no podr\u00e1 contar con el ex Independiente, Jon\u00e1s Guti\u00e9rrez, quien sufri\u00f3 la rotura del tend\u00f3n rotuliano de la rodilla izquierda. <strong>Si bien no est\u00e1 confirmado, el DT planea realizar algunas variantes en el mediocampo para jugar ante el Rojo.<\/strong><\/p>\n<p>En definitiva, el posible equipo para jugar en Avellaneda ser\u00eda: <strong>Ezequiel Unsain; Hugo Silva, Alexander Barboza, Lisandro Mart\u00ednez; Nahuel Molina, Leonel Miranda -ex CAI-, Mariano Bareiro, Christian Almeida; Gast\u00f3n Togni -a pr\u00e9stado de CAI-, Nicol\u00e1s Fern\u00e1ndez y Ignacio Huguenet.<\/strong><\/p>\n","protected":false},"excerpt":{"rendered":"<p>Independiente recibir\u00e1 a Defensa y Justicia este viernes desde las 21:15 en el estadio Libertadores de Am\u00e9rica por la 3\u00b0 fecha de la Superliga 2018\/19. El Halc\u00f3n viene de cinco partidos sin ganar y buscar\u00e1 cortar la racha en Avellaneda. El equipo de Varela jug\u00f3 el martes pasado como local por la Copa Sudamericana ante [&hellip;]<\/p>\n","protected":false},"author":14,"featured_media":79254,"comment_status":"open","ping_status":"closed","sticky":false,"template":"","format":"standard","meta":{"_links_to":"","_links_to_target":""},"categories":[1990,3247],"tags":[153,896,3275,3959],"_links":{"self":[{"href":"https:\/\/www.locoxelrojo.com\/independiente\/wp-json\/wp\/v2\/posts\/79253"}],"collection":[{"href":"https:\/\/www.locoxelrojo.com\/independiente\/wp-json\/wp\/v2\/posts"}],"about":[{"href":"https:\/\/www.locoxelrojo.com\/independiente\/wp-json\/wp\/v2\/types\/post"}],"author":[{"embeddable":true,"href":"https:\/\/www.locoxelrojo.com\/independiente\/wp-json\/wp\/v2\/users\/14"}],"replies":[{"embeddable":true,"href":"https:\/\/www.locoxelrojo.com\/independiente\/wp-json\/wp\/v2\/comments?post=79253"}],"version-history":[{"count":0,"href":"https:\/\/www.locoxelrojo.com\/independiente\/wp-json\/wp\/v2\/posts\/79253\/revisions"}],"wp:featuredmedia":[{"embeddable":true,"href":"https:\/\/www.locoxelrojo.com\/independiente\/wp-json\/wp\/v2\/media\/79254"}],"wp:attachment":[{"href":"https:\/\/www.locoxelrojo.com\/independiente\/wp-json\/wp\/v2\/media?parent=79253"}],"wp:term":[{"taxonomy":"category","embeddable":true,"href":"https:\/\/www.locoxelrojo.com\/independiente\/wp-json\/wp\/v2\/categories?post=79253"},{"taxonomy":"post_tag","embeddable":true,"href":"https:\/\/www.locoxelrojo.com\/independiente\/wp-json\/wp\/v2\/tags?post=79253"}],"curies":[{"name":"wp","href":"https:\/\/api.w.org\/{rel}","templated":true}]}}