{"id":79297,"date":"2018-08-25T10:00:19","date_gmt":"2018-08-25T13:00:19","guid":{"rendered":"http:\/\/www.locoxelrojo.com\/independiente\/?p=79297"},"modified":"2018-08-26T01:15:15","modified_gmt":"2018-08-26T04:15:15","slug":"la-reserva-independiente-se-recupero-con-una-goleada-independiente","status":"publish","type":"post","link":"https:\/\/www.locoxelrojo.com\/independiente\/2018\/08\/25\/la-reserva-independiente-se-recupero-con-una-goleada-independiente\/","title":{"rendered":"La Reserva se recuper\u00f3 con una goleada"},"content":{"rendered":"<p><strong>La Reserva de Independiente gole\u00f3 4-0 a Defensa y Justicia en el predio de Villa Dom\u00ednico con un doblete de Robertino Giacomini, un gol de Brian Mart\u00ednez y otro de Mat\u00edas Due\u00f1as.<\/strong><\/p>\n<p>El equipo de Fernando Ber\u00f3n salt\u00f3 a la cancha con <strong>Franco V\u00e9lez; Facundo Lando, Due\u00f1as, Sergio D\u00edaz, Mateo Mayor; Leonel \u00c1lvarez, Diego Mercado, Alan So\u00f1ora; Ciro Campuzano, Giacomini y Mart\u00ednez<\/strong>. M\u00e1s tarde ingresaron El\u00edas Contreras, Ignacio Medina y Javier Ostachuk por Campuzano, So\u00f1ora y Lando respectivamente.<\/p>\n<p>El Rojo pas\u00f3 por arriba a su rival durante los 90 minutos y se recuper\u00f3 de <a href=\"https:\/\/www.locoxelrojo.com\/independiente\/2018\/08\/18\/reserva-independiente-tropezo-en-rosario\/\">la derrota que hab\u00eda sufrido ante Newell&#8217;s en Rosario<\/a>. El primer grito lleg\u00f3 a los 31&#8242;, cuando <strong>Mayor habilit\u00f3 a Giacomini y el delantero defini\u00f3 con un toque sutil<\/strong>. Y apenas cuatro minutos m\u00e1s tarde, una mala salida del Halc\u00f3n fue aprovechada por Mercado, quien jug\u00f3 r\u00e1pido para Giacomini y \u00e9ste<strong> se la dej\u00f3 servida a Mart\u00ednez para el 2-0<\/strong>.<\/p>\n<p>Ya en el complemento, Independiente liquid\u00f3 la historia con dos goles de cabeza. Ambos llegaron tras dos centros precisos de \u00c1lvarez: a los 18&#8242;, <strong>Giacomini gan\u00f3 de arriba y marc\u00f3 el 3-0<\/strong>, y a los 28&#8242;, <strong>fue Due\u00f1as el que conect\u00f3 a la salida de un tiro libre<\/strong> para estampar el 4-0 final.<\/p>\n<p>Mir\u00e1 los goles del partido:<\/p>\n<p><iframe loading=\"lazy\" src=\"http:\/\/www.espn.com.ar\/core\/video\/iframe?id=4679822&amp;endcard=false\" width=\"640\" height=\"360\" frameborder=\"0\" allowfullscreen=\"allowfullscreen\"><\/iframe><\/p>\n","protected":false},"excerpt":{"rendered":"<p>La Reserva de Independiente gole\u00f3 4-0 a Defensa y Justicia en el predio de Villa Dom\u00ednico con un doblete de Robertino Giacomini, un gol de Brian Mart\u00ednez y otro de Mat\u00edas Due\u00f1as. El equipo de Fernando Ber\u00f3n salt\u00f3 a la cancha con Franco V\u00e9lez; Facundo Lando, Due\u00f1as, Sergio D\u00edaz, Mateo Mayor; Leonel \u00c1lvarez, Diego Mercado, [&hellip;]<\/p>\n","protected":false},"author":8,"featured_media":79298,"comment_status":"open","ping_status":"closed","sticky":false,"template":"","format":"standard","meta":{"_links_to":"","_links_to_target":""},"categories":[3247,141],"tags":[3608,896,2862,4018,231,3399],"_links":{"self":[{"href":"https:\/\/www.locoxelrojo.com\/independiente\/wp-json\/wp\/v2\/posts\/79297"}],"collection":[{"href":"https:\/\/www.locoxelrojo.com\/independiente\/wp-json\/wp\/v2\/posts"}],"about":[{"href":"https:\/\/www.locoxelrojo.com\/independiente\/wp-json\/wp\/v2\/types\/post"}],"author":[{"embeddable":true,"href":"https:\/\/www.locoxelrojo.com\/independiente\/wp-json\/wp\/v2\/users\/8"}],"replies":[{"embeddable":true,"href":"https:\/\/www.locoxelrojo.com\/independiente\/wp-json\/wp\/v2\/comments?post=79297"}],"version-history":[{"count":0,"href":"https:\/\/www.locoxelrojo.com\/independiente\/wp-json\/wp\/v2\/posts\/79297\/revisions"}],"wp:featuredmedia":[{"embeddable":true,"href":"https:\/\/www.locoxelrojo.com\/independiente\/wp-json\/wp\/v2\/media\/79298"}],"wp:attachment":[{"href":"https:\/\/www.locoxelrojo.com\/independiente\/wp-json\/wp\/v2\/media?parent=79297"}],"wp:term":[{"taxonomy":"category","embeddable":true,"href":"https:\/\/www.locoxelrojo.com\/independiente\/wp-json\/wp\/v2\/categories?post=79297"},{"taxonomy":"post_tag","embeddable":true,"href":"https:\/\/www.locoxelrojo.com\/independiente\/wp-json\/wp\/v2\/tags?post=79297"}],"curies":[{"name":"wp","href":"https:\/\/api.w.org\/{rel}","templated":true}]}}