{"id":79310,"date":"2018-08-26T14:23:25","date_gmt":"2018-08-26T17:23:25","guid":{"rendered":"http:\/\/www.locoxelrojo.com\/independiente\/?p=79310"},"modified":"2018-08-27T00:07:11","modified_gmt":"2018-08-27T03:07:11","slug":"volvieron-a-entrenarse-independiente","status":"publish","type":"post","link":"https:\/\/www.locoxelrojo.com\/independiente\/2018\/08\/26\/volvieron-a-entrenarse-independiente\/","title":{"rendered":"Volvieron a entrenarse"},"content":{"rendered":"<p>Luego de la derrota del viernes ante Defensa y Justicia, el plantel de Independiente retom\u00f3 sus actividades este domingo por la ma\u00f1ana en el predio de Villa Dom\u00ednico con la cabeza puesta en el partido del martes ante Santos.<\/p>\n<p><strong>Aquellos futbolistas que sumaron minutos ante el Halc\u00f3n hicieron trabajos regenerativos<\/strong>, mientras que el resto realiz\u00f3 ejercicios t\u00e1cticos en espacios reducidos y complement\u00f3 la actividad con pelota parada.<\/p>\n<blockquote class=\"twitter-tweet\" data-lang=\"es\">\n<p dir=\"ltr\" lang=\"es\"><a href=\"https:\/\/twitter.com\/hashtag\/El%C3%9AnicoRey?src=hash&amp;ref_src=twsrc%5Etfw\">#El\u00danicoRey<\/a> est\u00e1 listo, <a href=\"https:\/\/twitter.com\/mcampi25?ref_src=twsrc%5Etfw\">@mcampi25<\/a> tambi\u00e9n.<\/p>\n<p>Pensando en una nueva <a href=\"https:\/\/twitter.com\/hashtag\/NocheDeCopa?src=hash&amp;ref_src=twsrc%5Etfw\">#NocheDeCopa<\/a> &#x1f3c6;&#x1f451;<a href=\"https:\/\/twitter.com\/hashtag\/TodoRojo?src=hash&amp;ref_src=twsrc%5Etfw\">#TodoRojo<\/a> &#x1f534; <a href=\"https:\/\/t.co\/Irdgi96xld\">pic.twitter.com\/Irdgi96xld<\/a><\/p>\n<p>\u2014 C. A. Independiente (@Independiente) <a href=\"https:\/\/twitter.com\/Independiente\/status\/1033722611543494656?ref_src=twsrc%5Etfw\">26 de agosto de 2018<\/a><\/p><\/blockquote>\n<p><script async src=\"https:\/\/platform.twitter.com\/widgets.js\" charset=\"utf-8\"><\/script><\/p>\n<p><strong>Por su parte, Mart\u00edn Ben\u00edtez evoluciona con su recuperaci\u00f3n<\/strong> pero su presencia para el partido por Copa Libertadores es una verdadera inc\u00f3gnita.<\/p>\n<p><strong>Ma\u00f1ana por la ma\u00f1ana los jugadores har\u00e1n la \u00faltima pr\u00e1ctica en Dom\u00ednico antes de partir rumbo a Brasil<\/strong>. Posteriormente almorzar\u00e1n en el Hotel Scala y alrededor de las 17:30 volar\u00e1n a San Pablo.<\/p>\n","protected":false},"excerpt":{"rendered":"<p>Luego de la derrota del viernes ante Defensa y Justicia, el plantel de Independiente retom\u00f3 sus actividades este domingo por la ma\u00f1ana en el predio de Villa Dom\u00ednico con la cabeza puesta en el partido del martes ante Santos. Aquellos futbolistas que sumaron minutos ante el Halc\u00f3n hicieron trabajos regenerativos, mientras que el resto realiz\u00f3 [&hellip;]<\/p>\n","protected":false},"author":19,"featured_media":79049,"comment_status":"open","ping_status":"closed","sticky":false,"template":"","format":"standard","meta":{"_links_to":"","_links_to_target":""},"categories":[3247,3],"tags":[153,26,258,1683],"_links":{"self":[{"href":"https:\/\/www.locoxelrojo.com\/independiente\/wp-json\/wp\/v2\/posts\/79310"}],"collection":[{"href":"https:\/\/www.locoxelrojo.com\/independiente\/wp-json\/wp\/v2\/posts"}],"about":[{"href":"https:\/\/www.locoxelrojo.com\/independiente\/wp-json\/wp\/v2\/types\/post"}],"author":[{"embeddable":true,"href":"https:\/\/www.locoxelrojo.com\/independiente\/wp-json\/wp\/v2\/users\/19"}],"replies":[{"embeddable":true,"href":"https:\/\/www.locoxelrojo.com\/independiente\/wp-json\/wp\/v2\/comments?post=79310"}],"version-history":[{"count":0,"href":"https:\/\/www.locoxelrojo.com\/independiente\/wp-json\/wp\/v2\/posts\/79310\/revisions"}],"wp:featuredmedia":[{"embeddable":true,"href":"https:\/\/www.locoxelrojo.com\/independiente\/wp-json\/wp\/v2\/media\/79049"}],"wp:attachment":[{"href":"https:\/\/www.locoxelrojo.com\/independiente\/wp-json\/wp\/v2\/media?parent=79310"}],"wp:term":[{"taxonomy":"category","embeddable":true,"href":"https:\/\/www.locoxelrojo.com\/independiente\/wp-json\/wp\/v2\/categories?post=79310"},{"taxonomy":"post_tag","embeddable":true,"href":"https:\/\/www.locoxelrojo.com\/independiente\/wp-json\/wp\/v2\/tags?post=79310"}],"curies":[{"name":"wp","href":"https:\/\/api.w.org\/{rel}","templated":true}]}}