{"id":79311,"date":"2018-08-26T14:49:22","date_gmt":"2018-08-26T17:49:22","guid":{"rendered":"http:\/\/www.locoxelrojo.com\/independiente\/?p=79311"},"modified":"2018-08-27T00:08:04","modified_gmt":"2018-08-27T03:08:04","slug":"concentrados-vs-santos-cinco-cambios-libertadores","status":"publish","type":"post","link":"https:\/\/www.locoxelrojo.com\/independiente\/2018\/08\/26\/concentrados-vs-santos-cinco-cambios-libertadores\/","title":{"rendered":"Concentrados vs. Santos: Holan mete cinco cambios"},"content":{"rendered":"<p><a href=\"https:\/\/www.locoxelrojo.com\/independiente\/2018\/08\/26\/volvieron-a-entrenarse\/\">Una vez finalizada la pr\u00e1ctica de este domingo<\/a>, Ariel Holan entreg\u00f3 la lista de convocados para el partido de vuelta ante Santos por Copa Libertadores.<strong> En total son 20 nombres por lo que dos de ellos quedar\u00e1n afuera del banco de suplentes<\/strong>.<\/p>\n<p>A\u00fan sin conocer la decisi\u00f3n que tomar\u00e1 la CONMEBOL en el caso Carlos S\u00e1nchez, Independiente empez\u00f3 a ultimar detalles para el partido del martes.<\/p>\n<p>Por ello, <strong>el entrenador meti\u00f3 cinco cambios<\/strong> en la n\u00f3mina de concentrados con respecto a la de Defensa y Justicia entra los que <strong>se destacan los retornos de Mart\u00edn Ben\u00edtez por Francisco Pizzini y Maximiliano Meza por Carlos Benav\u00eddez<\/strong>.<\/p>\n<p>\u00bfLos otros tres cambios?\u00a0<strong>Guillermo Burdisso por Gonzalo As\u00eds, Gast\u00f3n Silva por Sergio Barreto y Pablo Hern\u00e1ndez por Mauro Molina<\/strong>.<\/p>\n<h3>Los 20 concentrados<\/h3>\n<p><strong>Arqueros:<\/strong> Mart\u00edn Campa\u00f1a y Milton \u00c1lvarez.<\/p>\n<p><strong>Defensores:<\/strong> Alan Franco, Nicol\u00e1s Figal, Juan S\u00e1nchez Mi\u00f1o, Guillermo Burdisso, Fabricio Bustos, Gast\u00f3n Silva y Emanuel Br\u00edtez.<\/p>\n<p><strong>Mediocampistas:<\/strong> Nicol\u00e1s Domingo, Maximiliano Meza, Fernando Gaibor, Pablo Hern\u00e1ndez y Francisco Silva.<\/p>\n<p><strong>Delanteros:<\/strong>\u00a0Mart\u00edn Ben\u00edtez, Emmanuel Gigliotti, Braian Romero, Silvio Romero, Ezequiel Cerutti y Gonzalo Ver\u00f3n.<\/p>\n","protected":false},"excerpt":{"rendered":"<p>Una vez finalizada la pr\u00e1ctica de este domingo, Ariel Holan entreg\u00f3 la lista de convocados para el partido de vuelta ante Santos por Copa Libertadores. En total son 20 nombres por lo que dos de ellos quedar\u00e1n afuera del banco de suplentes. A\u00fan sin conocer la decisi\u00f3n que tomar\u00e1 la CONMEBOL en el caso Carlos [&hellip;]<\/p>\n","protected":false},"author":19,"featured_media":78992,"comment_status":"open","ping_status":"closed","sticky":false,"template":"","format":"standard","meta":{"_links_to":"","_links_to_target":""},"categories":[3247,3],"tags":[153,2024,3499,1616],"_links":{"self":[{"href":"https:\/\/www.locoxelrojo.com\/independiente\/wp-json\/wp\/v2\/posts\/79311"}],"collection":[{"href":"https:\/\/www.locoxelrojo.com\/independiente\/wp-json\/wp\/v2\/posts"}],"about":[{"href":"https:\/\/www.locoxelrojo.com\/independiente\/wp-json\/wp\/v2\/types\/post"}],"author":[{"embeddable":true,"href":"https:\/\/www.locoxelrojo.com\/independiente\/wp-json\/wp\/v2\/users\/19"}],"replies":[{"embeddable":true,"href":"https:\/\/www.locoxelrojo.com\/independiente\/wp-json\/wp\/v2\/comments?post=79311"}],"version-history":[{"count":0,"href":"https:\/\/www.locoxelrojo.com\/independiente\/wp-json\/wp\/v2\/posts\/79311\/revisions"}],"wp:featuredmedia":[{"embeddable":true,"href":"https:\/\/www.locoxelrojo.com\/independiente\/wp-json\/wp\/v2\/media\/78992"}],"wp:attachment":[{"href":"https:\/\/www.locoxelrojo.com\/independiente\/wp-json\/wp\/v2\/media?parent=79311"}],"wp:term":[{"taxonomy":"category","embeddable":true,"href":"https:\/\/www.locoxelrojo.com\/independiente\/wp-json\/wp\/v2\/categories?post=79311"},{"taxonomy":"post_tag","embeddable":true,"href":"https:\/\/www.locoxelrojo.com\/independiente\/wp-json\/wp\/v2\/tags?post=79311"}],"curies":[{"name":"wp","href":"https:\/\/api.w.org\/{rel}","templated":true}]}}