{"id":79331,"date":"2018-08-27T12:50:47","date_gmt":"2018-08-27T15:50:47","guid":{"rendered":"http:\/\/www.locoxelrojo.com\/independiente\/?p=79331"},"modified":"2018-08-27T23:23:22","modified_gmt":"2018-08-28T02:23:22","slug":"el-ultimo-previo-al-viaje-brasil","status":"publish","type":"post","link":"https:\/\/www.locoxelrojo.com\/independiente\/2018\/08\/27\/el-ultimo-previo-al-viaje-brasil\/","title":{"rendered":"El \u00faltimo previo al viaje"},"content":{"rendered":"<p><strong>Independiente realiz\u00f3 este lunes la \u00faltima pr\u00e1ctica previa a viajar rumbo a San Pablo.<\/strong><\/p>\n<p>Los dirigidos por Ariel Holan entrenaron en el predio de Villa Dom\u00ednico horas antes de partir en vuelo ch\u00e1rter a Brasil para disputar el partido de vuelta por los octavos de final de la Copa Libertadores frente al Santos. <strong>Los jugadores realizaron trabajos t\u00e1cticos y tambi\u00e9n se hizo hincapi\u00e9 en el pelota detenida, tanto en ataque como en defensa.<\/strong><\/p>\n<p><strong>El equipo a\u00fan es una inc\u00f3gnita<\/strong> y mucho depender\u00e1 del fallo de la Conmebol por la mala inclusi\u00f3n de Carlos S\u00e1nchez. <a href=\"https:\/\/www.locoxelrojo.com\/independiente\/2018\/08\/26\/vuelve-el-siete-bravo-benitez\/\">Mart\u00edn Ben\u00edtez contin\u00faa evolucionando favorablemente<\/a>, <strong>figura en la lista de 20 jugadores que viajan y podr\u00eda volver a sumar minutos de f\u00fatbol tras su ausencia.<\/strong><\/p>\n<p><strong>Tras la pr\u00e1ctica el plantel almorz\u00f3 y descans\u00f3 en el Hotel Scala<\/strong>, <a href=\"https:\/\/www.locoxelrojo.com\/independiente\/2018\/08\/27\/a-san-pablo\/\">a la espera del vuelo ch\u00e1rter que lo llevar\u00e1 a San Pablo<\/a>.<\/p>\n","protected":false},"excerpt":{"rendered":"<p>Independiente realiz\u00f3 este lunes la \u00faltima pr\u00e1ctica previa a viajar rumbo a San Pablo. Los dirigidos por Ariel Holan entrenaron en el predio de Villa Dom\u00ednico horas antes de partir en vuelo ch\u00e1rter a Brasil para disputar el partido de vuelta por los octavos de final de la Copa Libertadores frente al Santos. Los jugadores [&hellip;]<\/p>\n","protected":false},"author":1,"featured_media":79332,"comment_status":"open","ping_status":"closed","sticky":false,"template":"","format":"standard","meta":{"_links_to":"","_links_to_target":""},"categories":[3247,3],"tags":[2998,153,26,172],"_links":{"self":[{"href":"https:\/\/www.locoxelrojo.com\/independiente\/wp-json\/wp\/v2\/posts\/79331"}],"collection":[{"href":"https:\/\/www.locoxelrojo.com\/independiente\/wp-json\/wp\/v2\/posts"}],"about":[{"href":"https:\/\/www.locoxelrojo.com\/independiente\/wp-json\/wp\/v2\/types\/post"}],"author":[{"embeddable":true,"href":"https:\/\/www.locoxelrojo.com\/independiente\/wp-json\/wp\/v2\/users\/1"}],"replies":[{"embeddable":true,"href":"https:\/\/www.locoxelrojo.com\/independiente\/wp-json\/wp\/v2\/comments?post=79331"}],"version-history":[{"count":0,"href":"https:\/\/www.locoxelrojo.com\/independiente\/wp-json\/wp\/v2\/posts\/79331\/revisions"}],"wp:featuredmedia":[{"embeddable":true,"href":"https:\/\/www.locoxelrojo.com\/independiente\/wp-json\/wp\/v2\/media\/79332"}],"wp:attachment":[{"href":"https:\/\/www.locoxelrojo.com\/independiente\/wp-json\/wp\/v2\/media?parent=79331"}],"wp:term":[{"taxonomy":"category","embeddable":true,"href":"https:\/\/www.locoxelrojo.com\/independiente\/wp-json\/wp\/v2\/categories?post=79331"},{"taxonomy":"post_tag","embeddable":true,"href":"https:\/\/www.locoxelrojo.com\/independiente\/wp-json\/wp\/v2\/tags?post=79331"}],"curies":[{"name":"wp","href":"https:\/\/api.w.org\/{rel}","templated":true}]}}