{"id":79340,"date":"2018-08-27T17:19:20","date_gmt":"2018-08-27T20:19:20","guid":{"rendered":"http:\/\/www.locoxelrojo.com\/independiente\/?p=79340"},"modified":"2018-08-27T23:58:27","modified_gmt":"2018-08-28T02:58:27","slug":"gaston-silva-estamos-tranquilos-tenemos-plantel-para-traernos-la-clasificacion","status":"publish","type":"post","link":"https:\/\/www.locoxelrojo.com\/independiente\/2018\/08\/27\/gaston-silva-estamos-tranquilos-tenemos-plantel-para-traernos-la-clasificacion\/","title":{"rendered":"G. Silva: &#8220;Estamos tranquilos, tenemos plantel para traernos la clasificaci\u00f3n&#8221;"},"content":{"rendered":"<p><strong>Gast\u00f3n Silva<\/strong> expres\u00f3 su tranquilidad de cara a la revancha ante Santos en Brasil y se mantuvo al margen del fallo de Conmebol que pueda darle el partido de ida por ganado a Independiente tras la mala inclusi\u00f3n de Carlos S\u00e1nchez.<\/p>\n<p><strong>&#8220;Estamos tranquilos porque hemos trabajado toda la semana para ir y traernos la clasificaci\u00f3n, m\u00e1s all\u00e1 de lo que pueda pasar. De eso se est\u00e1n encargando los dirigentes&#8221;<\/strong>, manifest\u00f3 el uruguayo antes de partir hacia San Pablo, y agreg\u00f3:<strong> &#8220;No es lo mismo empezar 3-0, pero tenemos que pensar que est\u00e1 0-0 e ir a Brasil a ganar. El club y los jugadores trabajamos para eso y estamos preparados. Tenemos plantel para traernos la clasificaci\u00f3n&#8221;<\/strong>.<\/p>\n<p><strong>&#8220;Si ponen las reglas, hay que cumplirlas, porque si no, se va a formar una bola y esto es f\u00fatbol, queremos enfocarnos en eso. Ojal\u00e1 se pueda normalizar todo y trabajar tranquilos&#8221;<\/strong>, coment\u00f3 respecto de las irregularidades que se dieron por malas inclusiones de jugadores. En sinton\u00eda, les pidi\u00f3 prudencia a los hinchas cuando conozcan la decisi\u00f3n de la Conmebol: <strong>&#8220;La gente tiene que estar tranquila, esto es un juego. M\u00e1s all\u00e1 de lo que pueda salir, ojal\u00e1 la gente lo pueda entender. Esto es algo administrativo que excede a los hinchas&#8221;<\/strong>.<\/p>\n<p>El defensor avis\u00f3 que el plantel de Independiente estuvo analizando el funcionamiento del Peixe. <strong>&#8220;Estudiamos mucho al Santos, tienen un gran equipo y altura, hay que cuidarnos en la pelota quieta. Es un gran rival, pero nosotros tenemos un gran potencial tambi\u00e9n&#8221;<\/strong>, remarc\u00f3, y se lament\u00f3 por no llegar al Pacaemb\u00fa con m\u00e1s ventaja: <strong>&#8220;Santos se defendi\u00f3 muy bien. Tuvimos jugadas de gol que no pudimos concretar y nos hubiera gustado ir a Brasil con alg\u00fan gol y los tres puntos. Tenemos que hacer un buen partido all\u00e1, va a ser dif\u00edcil&#8221;<\/strong>.<\/p>\n<p>Silva comparte plantel con S\u00e1nchez en la Selecci\u00f3n de Uruguay. Si bien se cruzaron en Avellaneda, el zaguero del Rojo cont\u00f3 que no pudo conversar sobre la pol\u00e9mica que se gener\u00f3. <strong>&#8220;\u00c9l no lo va a querer hablar, es un tema que ya pas\u00f3 y tiene que quedar en el olvido. Cada uno tomar\u00e1 sus precauciones para lo que viene. No lo habl\u00e9 porque adentro de la cancha nadie sab\u00eda nada, nos enteramos todos despu\u00e9s. Quiz\u00e1s en fr\u00edo despu\u00e9s lo hablaremos&#8221;<\/strong>, cerr\u00f3.<\/p>\n","protected":false},"excerpt":{"rendered":"<p>Gast\u00f3n Silva expres\u00f3 su tranquilidad de cara a la revancha ante Santos en Brasil y se mantuvo al margen del fallo de Conmebol que pueda darle el partido de ida por ganado a Independiente tras la mala inclusi\u00f3n de Carlos S\u00e1nchez. &#8220;Estamos tranquilos porque hemos trabajado toda la semana para ir y traernos la clasificaci\u00f3n, [&hellip;]<\/p>\n","protected":false},"author":8,"featured_media":79341,"comment_status":"open","ping_status":"closed","sticky":false,"template":"","format":"standard","meta":{"_links_to":"","_links_to_target":""},"categories":[3247,3],"tags":[3557],"_links":{"self":[{"href":"https:\/\/www.locoxelrojo.com\/independiente\/wp-json\/wp\/v2\/posts\/79340"}],"collection":[{"href":"https:\/\/www.locoxelrojo.com\/independiente\/wp-json\/wp\/v2\/posts"}],"about":[{"href":"https:\/\/www.locoxelrojo.com\/independiente\/wp-json\/wp\/v2\/types\/post"}],"author":[{"embeddable":true,"href":"https:\/\/www.locoxelrojo.com\/independiente\/wp-json\/wp\/v2\/users\/8"}],"replies":[{"embeddable":true,"href":"https:\/\/www.locoxelrojo.com\/independiente\/wp-json\/wp\/v2\/comments?post=79340"}],"version-history":[{"count":0,"href":"https:\/\/www.locoxelrojo.com\/independiente\/wp-json\/wp\/v2\/posts\/79340\/revisions"}],"wp:featuredmedia":[{"embeddable":true,"href":"https:\/\/www.locoxelrojo.com\/independiente\/wp-json\/wp\/v2\/media\/79341"}],"wp:attachment":[{"href":"https:\/\/www.locoxelrojo.com\/independiente\/wp-json\/wp\/v2\/media?parent=79340"}],"wp:term":[{"taxonomy":"category","embeddable":true,"href":"https:\/\/www.locoxelrojo.com\/independiente\/wp-json\/wp\/v2\/categories?post=79340"},{"taxonomy":"post_tag","embeddable":true,"href":"https:\/\/www.locoxelrojo.com\/independiente\/wp-json\/wp\/v2\/tags?post=79340"}],"curies":[{"name":"wp","href":"https:\/\/api.w.org\/{rel}","templated":true}]}}