{"id":7945,"date":"2011-05-19T05:13:03","date_gmt":"2011-05-19T08:13:03","guid":{"rendered":"http:\/\/www.locoxelrojo.com.ar\/independiente\/?p=7945"},"modified":"2011-05-19T05:15:29","modified_gmt":"2011-05-19T08:15:29","slug":"salvador-perez-los-socios-se-quejaban-asiduamente","status":"publish","type":"post","link":"https:\/\/www.locoxelrojo.com\/independiente\/2011\/05\/19\/salvador-perez-los-socios-se-quejaban-asiduamente\/","title":{"rendered":"Salvador P\u00e9rez: &#8220;Los socios se quejaban asiduamente&#8221;"},"content":{"rendered":"<p><a href=\"http:\/\/www.locoxelrojo.com.ar\/independiente\/wp-content\/uploads\/2011\/05\/salvador_perez.jpg\"><img loading=\"lazy\" class=\"alignnone size-full wp-image-7946\" title=\"salvador_perez\" src=\"http:\/\/www.locoxelrojo.com.ar\/independiente\/wp-content\/uploads\/2011\/05\/salvador_perez.jpg\" alt=\"\" width=\"590\" height=\"315\" srcset=\"https:\/\/locoxelrojo.com\/independiente\/wp-content\/uploads\/2011\/05\/salvador_perez.jpg 590w, https:\/\/locoxelrojo.com\/independiente\/wp-content\/uploads\/2011\/05\/salvador_perez-300x160.jpg 300w\" sizes=\"(max-width: 590px) 100vw, 590px\" \/><\/a><em><\/em><\/p>\n<p><em>Foto: El Gran Campe\u00f3n<\/em><\/p>\n<p><strong>Salvador P\u00e9rez<\/strong> dialog\u00f3 con <strong>Ecos del Rojo<\/strong> y dio su versi\u00f3n sobre la destituci\u00f3n de Boris Lisnovsky y Daniel Olguin. <strong>&#8220;Hubo mucho disenso, el ambiente estaba caldeado pero no pas\u00f3 de eso. No volaron ni sillas, ni trompadas. Fueron malas lenguas. Solo hubo gritos y agresiones verbales. Le\u00ed que Olguin me hab\u00eda pegado a m\u00ed ya Calvo pero eso no ocurri\u00f3 en absoluto, fue solo una discusi\u00f3n&#8221;<\/strong>, asegur\u00f3.<\/p>\n<p>Desde su punto de vista, <strong>&#8220;se sintieron tocados por las determinaciones del Presidente para mejorar la gesti\u00f3n de cara a las pr\u00f3ximas elecciones. Los socios se quejaban asiduamente. Por ejemplo, en los palcos que estaban sucios y en malas condiciones. Se dio un vuelco a eso y se cambi\u00f3 la comisi\u00f3n del Estadio&#8221;.<\/strong><\/p>\n<p>P\u00e9rez explic\u00f3 que desde ahora<strong> el mantenimiento del Estadio lo van a llevar adelante Barrueco y Calvo<\/strong>. Otro problema que tuvieron fue que <strong>los jugadores plantearon al Presidente y junto al cuerpo t\u00e9cnico que el campo de juego estaba mejor en Dom\u00ednico que en la cancha.<\/strong> Esto ocurri\u00f3 luego del partido con Boca. A esto se sum\u00f3 que <strong>Lisnovsky, seg\u00fan P\u00e9rez, deb\u00eda hacer un informe que nunca lleg\u00f3 y por eso el mismo d\u00eda que aprobaron la designaci\u00f3n del Estadio, pusieron a Peripoli a cargo <\/strong>del colegio en representaci\u00f3n de la Comisi\u00f3n Directiva.<\/p>\n<p>Por \u00faltimo, P\u00e9rez confirm\u00f3 que <strong>Independiente va a jugar el viernes 3 de junio con Lan\u00fas para que el s\u00e1bado jueguen los Pumas <\/strong>considerando que en 15 d\u00edas el ingeniero agronomo de Dom\u00ednico va a recuperar el campo. Por otro lado, qued\u00f3 confirmado que<strong> la pretemporada va a ser en Los Angeles y luego se viajar\u00e1 a Jap\u00f3n. Por ende, el partido con Inter se cambiar\u00e1 porque deber\u00eda jugarse el 10 de agosto cuando se llega el 5 desde Asia.<\/strong><\/p>\n","protected":false},"excerpt":{"rendered":"<p>Foto: El Gran Campe\u00f3n Salvador P\u00e9rez dialog\u00f3 con Ecos del Rojo y dio su versi\u00f3n sobre la destituci\u00f3n de Boris Lisnovsky y Daniel Olguin. &#8220;Hubo mucho disenso, el ambiente estaba caldeado pero no pas\u00f3 de eso. No volaron ni sillas, ni trompadas. Fueron malas lenguas. Solo hubo gritos y agresiones verbales. Le\u00ed que Olguin me [&hellip;]<\/p>\n","protected":false},"author":1,"featured_media":0,"comment_status":"open","ping_status":"open","sticky":false,"template":"","format":"standard","meta":{"_links_to":"","_links_to_target":""},"categories":[3,1],"tags":[39,153,67,3272,322,718],"_links":{"self":[{"href":"https:\/\/www.locoxelrojo.com\/independiente\/wp-json\/wp\/v2\/posts\/7945"}],"collection":[{"href":"https:\/\/www.locoxelrojo.com\/independiente\/wp-json\/wp\/v2\/posts"}],"about":[{"href":"https:\/\/www.locoxelrojo.com\/independiente\/wp-json\/wp\/v2\/types\/post"}],"author":[{"embeddable":true,"href":"https:\/\/www.locoxelrojo.com\/independiente\/wp-json\/wp\/v2\/users\/1"}],"replies":[{"embeddable":true,"href":"https:\/\/www.locoxelrojo.com\/independiente\/wp-json\/wp\/v2\/comments?post=7945"}],"version-history":[{"count":0,"href":"https:\/\/www.locoxelrojo.com\/independiente\/wp-json\/wp\/v2\/posts\/7945\/revisions"}],"wp:attachment":[{"href":"https:\/\/www.locoxelrojo.com\/independiente\/wp-json\/wp\/v2\/media?parent=7945"}],"wp:term":[{"taxonomy":"category","embeddable":true,"href":"https:\/\/www.locoxelrojo.com\/independiente\/wp-json\/wp\/v2\/categories?post=7945"},{"taxonomy":"post_tag","embeddable":true,"href":"https:\/\/www.locoxelrojo.com\/independiente\/wp-json\/wp\/v2\/tags?post=7945"}],"curies":[{"name":"wp","href":"https:\/\/api.w.org\/{rel}","templated":true}]}}