{"id":79634,"date":"2018-09-12T12:10:17","date_gmt":"2018-09-12T15:10:17","guid":{"rendered":"http:\/\/www.locoxelrojo.com\/independiente\/?p=79634"},"modified":"2018-09-13T00:28:53","modified_gmt":"2018-09-13T03:28:53","slug":"colon-a-la-vista-entrenamiento","status":"publish","type":"post","link":"https:\/\/www.locoxelrojo.com\/independiente\/2018\/09\/12\/colon-a-la-vista-entrenamiento\/","title":{"rendered":"Col\u00f3n a la vista"},"content":{"rendered":"<p>Este mi\u00e9rcoles <strong>el plantel profesional de Independiente realiz\u00f3 un nuevo entrenamiento<\/strong>\u00a0<strong>en Villa Dominico<\/strong> pensando en lo que ser\u00e1 el duelo contra el Sabalero del pr\u00f3ximo s\u00e1bado.<\/p>\n<p>En la pr\u00e1ctica de esta ma\u00f1ana las tareas diagramadas por el cuerpo t\u00e9cnico fueron: <strong>trabajos regenerativos para quienes vieron acci\u00f3n ante Brown de Adrogu\u00e9 y quienes no disputaron minutos llevaron adelante f\u00fatbol en espacios reducidos<\/strong>.<\/p>\n<blockquote class=\"twitter-tweet\" data-lang=\"es\">\n<p dir=\"ltr\" lang=\"es\">\u00a1Nuestros arqueros est\u00e1n listos!<\/p>\n<p>C\u00f3mo siempre, m\u00e1s que nunca <a href=\"https:\/\/twitter.com\/hashtag\/TodosJuntos?src=hash&amp;ref_src=twsrc%5Etfw\">#TodosJuntos<\/a> <a href=\"https:\/\/twitter.com\/hashtag\/TodoRojo?src=hash&amp;ref_src=twsrc%5Etfw\">#TodoRojo<\/a> &#x1f534; <a href=\"https:\/\/t.co\/IZF8cz9Y5S\">pic.twitter.com\/IZF8cz9Y5S<\/a><\/p>\n<p>\u2014 C. A. Independiente (@Independiente) <a href=\"https:\/\/twitter.com\/Independiente\/status\/1039892543629139973?ref_src=twsrc%5Etfw\">12 de septiembre de 2018<\/a><\/p><\/blockquote>\n<p><script async src=\"https:\/\/platform.twitter.com\/widgets.js\" charset=\"utf-8\"><\/script><\/p>\n<p><strong>Francisco Silva se entren\u00f3 diferenciado<\/strong> ya que contin\u00faa con su distensi\u00f3n grado dos del ligamento lateral interno de la rodilla derecha. El chileno realizo trabajos de velocidad, coordinaci\u00f3n y fuerza a un costado de la cancha.<\/p>\n<p>El equipo volver\u00e1 a entrenarse el jueves por la ma\u00f1ana en el predio de Villa Dominico a puertas cerradas.<\/p>\n","protected":false},"excerpt":{"rendered":"<p>Este mi\u00e9rcoles el plantel profesional de Independiente realiz\u00f3 un nuevo entrenamiento\u00a0en Villa Dominico pensando en lo que ser\u00e1 el duelo contra el Sabalero del pr\u00f3ximo s\u00e1bado. En la pr\u00e1ctica de esta ma\u00f1ana las tareas diagramadas por el cuerpo t\u00e9cnico fueron: trabajos regenerativos para quienes vieron acci\u00f3n ante Brown de Adrogu\u00e9 y quienes no disputaron minutos [&hellip;]<\/p>\n","protected":false},"author":25,"featured_media":79049,"comment_status":"open","ping_status":"closed","sticky":false,"template":"","format":"standard","meta":{"_links_to":"","_links_to_target":""},"categories":[3247,3],"tags":[153,26,3902,1683],"_links":{"self":[{"href":"https:\/\/www.locoxelrojo.com\/independiente\/wp-json\/wp\/v2\/posts\/79634"}],"collection":[{"href":"https:\/\/www.locoxelrojo.com\/independiente\/wp-json\/wp\/v2\/posts"}],"about":[{"href":"https:\/\/www.locoxelrojo.com\/independiente\/wp-json\/wp\/v2\/types\/post"}],"author":[{"embeddable":true,"href":"https:\/\/www.locoxelrojo.com\/independiente\/wp-json\/wp\/v2\/users\/25"}],"replies":[{"embeddable":true,"href":"https:\/\/www.locoxelrojo.com\/independiente\/wp-json\/wp\/v2\/comments?post=79634"}],"version-history":[{"count":0,"href":"https:\/\/www.locoxelrojo.com\/independiente\/wp-json\/wp\/v2\/posts\/79634\/revisions"}],"wp:featuredmedia":[{"embeddable":true,"href":"https:\/\/www.locoxelrojo.com\/independiente\/wp-json\/wp\/v2\/media\/79049"}],"wp:attachment":[{"href":"https:\/\/www.locoxelrojo.com\/independiente\/wp-json\/wp\/v2\/media?parent=79634"}],"wp:term":[{"taxonomy":"category","embeddable":true,"href":"https:\/\/www.locoxelrojo.com\/independiente\/wp-json\/wp\/v2\/categories?post=79634"},{"taxonomy":"post_tag","embeddable":true,"href":"https:\/\/www.locoxelrojo.com\/independiente\/wp-json\/wp\/v2\/tags?post=79634"}],"curies":[{"name":"wp","href":"https:\/\/api.w.org\/{rel}","templated":true}]}}