{"id":79822,"date":"2018-09-21T09:59:02","date_gmt":"2018-09-21T12:59:02","guid":{"rendered":"http:\/\/www.locoxelrojo.com\/independiente\/?p=79822"},"modified":"2018-09-22T00:21:06","modified_gmt":"2018-09-22T03:21:06","slug":"sergio-aguero-renovo-con-el-city-hasta-el-2021","status":"publish","type":"post","link":"https:\/\/www.locoxelrojo.com\/independiente\/2018\/09\/21\/sergio-aguero-renovo-con-el-city-hasta-el-2021\/","title":{"rendered":"Ag\u00fcero renov\u00f3 con el City hasta el 2021"},"content":{"rendered":"<p><strong>Sergio Ag\u00fcero en las \u00faltimas horas renov\u00f3 su contrato con el Manchester City hasta junio de 2021<\/strong>. \u00bfY ahora?<\/p>\n<p>En reiteradas oportunidades el Kun manifest\u00f3 que una vez finalizado su contrato en el City pegaba la vuelta al Rojo. <strong>El \u00faltimo que hab\u00eda firmado con el club de Inglaterra finalizaba en el 2020, pero ahora decidi\u00f3 extenderlo hasta junio de 2021.<\/strong><\/p>\n<blockquote class=\"twitter-tweet\" data-lang=\"es\">\n<p dir=\"ltr\" lang=\"es\">&#x1f4dd; \u00a1Nuevo contrato para <a href=\"https:\/\/twitter.com\/aguerosergiokun?ref_src=twsrc%5Etfw\">@aguerosergiokun<\/a>!<a href=\"https:\/\/twitter.com\/hashtag\/MCFCEspa%C3%B1ol?src=hash&amp;ref_src=twsrc%5Etfw\">#MCFCEspa\u00f1ol<\/a> <a href=\"https:\/\/t.co\/pM3I0SpLlL\">pic.twitter.com\/pM3I0SpLlL<\/a><\/p>\n<p>\u2014 Manchester City (@ManCityES) <a href=\"https:\/\/twitter.com\/ManCityES\/status\/1043047538096578560?ref_src=twsrc%5Etfw\">21 de septiembre de 2018<\/a><\/p><\/blockquote>\n<p><script async src=\"https:\/\/platform.twitter.com\/widgets.js\" charset=\"utf-8\"><\/script><\/p>\n<p><strong>&#8220;Estoy contento por este a\u00f1o m\u00e1s&#8221;<\/strong>, expres\u00f3 Ag\u00fcero en City TV. <strong>&#8220;Mi idea era estar aqu\u00ed diez a\u00f1os. Llevo siete, y alcanzar\u00e9 los diez cuando acabe el contrato. Yo estoy contento porque ac\u00e1 siempre me trataron muy bien. Es algo que so\u00f1\u00e9 desde chiquito. Jugar en un equipo grande como el City&#8221;<\/strong>, complet\u00f3.<\/p>\n<blockquote class=\"twitter-tweet\" data-lang=\"es\">\n<p dir=\"ltr\" lang=\"es\">&#x1f4fa;\u00a0Unos a\u00f1os llenos de historia y mucha historia todav\u00eda por escribir. <a href=\"https:\/\/twitter.com\/hashtag\/MCFCEspa%C3%B1ol?src=hash&amp;ref_src=twsrc%5Etfw\">#MCFCEspa\u00f1ol<\/a><\/p>\n<p>Entrevista completa &#x27a1; <a href=\"https:\/\/t.co\/IGmge43l2w\">https:\/\/t.co\/IGmge43l2w<\/a> <a href=\"https:\/\/t.co\/sbr98oQ8GR\">pic.twitter.com\/sbr98oQ8GR<\/a><\/p>\n<p>\u2014 Manchester City (@ManCityES) <a href=\"https:\/\/twitter.com\/ManCityES\/status\/1043083410577780736?ref_src=twsrc%5Etfw\">21 de septiembre de 2018<\/a><\/p><\/blockquote>\n<p><script async src=\"https:\/\/platform.twitter.com\/widgets.js\" charset=\"utf-8\"><\/script><\/p>\n<p>De esta manera, cuando Ag\u00fcero finalice su contrato tendr\u00e1 33 a\u00f1os. <strong>\u00bfTe gustar\u00eda que vuelva?<\/strong><\/p>\n<blockquote class=\"twitter-tweet\" data-lang=\"es\">\n<p dir=\"ltr\" lang=\"es\">Sergio Ag\u00fcero decidi\u00f3 extender hasta junio de 2021 su contrato con el Manchester City. Lo finalizar\u00e1 con 33 a\u00f1os, \u00bfte gustar\u00eda que vuelva a <a href=\"https:\/\/twitter.com\/hashtag\/Independiente?src=hash&amp;ref_src=twsrc%5Etfw\">#Independiente<\/a>?<\/p>\n<p>\u2014 Independiente (LXR) (@locoxelrojoweb) <a href=\"https:\/\/twitter.com\/locoxelrojoweb\/status\/1043119713126166528?ref_src=twsrc%5Etfw\">21 de septiembre de 2018<\/a><\/p><\/blockquote>\n<p><script async src=\"https:\/\/platform.twitter.com\/widgets.js\" charset=\"utf-8\"><\/script><\/p>\n","protected":false},"excerpt":{"rendered":"<p>Sergio Ag\u00fcero en las \u00faltimas horas renov\u00f3 su contrato con el Manchester City hasta junio de 2021. \u00bfY ahora? En reiteradas oportunidades el Kun manifest\u00f3 que una vez finalizado su contrato en el City pegaba la vuelta al Rojo. El \u00faltimo que hab\u00eda firmado con el club de Inglaterra finalizaba en el 2020, pero ahora [&hellip;]<\/p>\n","protected":false},"author":1,"featured_media":79823,"comment_status":"open","ping_status":"closed","sticky":false,"template":"","format":"standard","meta":{"_links_to":"","_links_to_target":""},"categories":[3280,3247],"tags":[950,143],"_links":{"self":[{"href":"https:\/\/www.locoxelrojo.com\/independiente\/wp-json\/wp\/v2\/posts\/79822"}],"collection":[{"href":"https:\/\/www.locoxelrojo.com\/independiente\/wp-json\/wp\/v2\/posts"}],"about":[{"href":"https:\/\/www.locoxelrojo.com\/independiente\/wp-json\/wp\/v2\/types\/post"}],"author":[{"embeddable":true,"href":"https:\/\/www.locoxelrojo.com\/independiente\/wp-json\/wp\/v2\/users\/1"}],"replies":[{"embeddable":true,"href":"https:\/\/www.locoxelrojo.com\/independiente\/wp-json\/wp\/v2\/comments?post=79822"}],"version-history":[{"count":1,"href":"https:\/\/www.locoxelrojo.com\/independiente\/wp-json\/wp\/v2\/posts\/79822\/revisions"}],"predecessor-version":[{"id":79839,"href":"https:\/\/www.locoxelrojo.com\/independiente\/wp-json\/wp\/v2\/posts\/79822\/revisions\/79839"}],"wp:featuredmedia":[{"embeddable":true,"href":"https:\/\/www.locoxelrojo.com\/independiente\/wp-json\/wp\/v2\/media\/79823"}],"wp:attachment":[{"href":"https:\/\/www.locoxelrojo.com\/independiente\/wp-json\/wp\/v2\/media?parent=79822"}],"wp:term":[{"taxonomy":"category","embeddable":true,"href":"https:\/\/www.locoxelrojo.com\/independiente\/wp-json\/wp\/v2\/categories?post=79822"},{"taxonomy":"post_tag","embeddable":true,"href":"https:\/\/www.locoxelrojo.com\/independiente\/wp-json\/wp\/v2\/tags?post=79822"}],"curies":[{"name":"wp","href":"https:\/\/api.w.org\/{rel}","templated":true}]}}