{"id":7985,"date":"2011-05-20T20:27:15","date_gmt":"2011-05-20T23:27:15","guid":{"rendered":"http:\/\/www.locoxelrojo.com.ar\/independiente\/?p=7985"},"modified":"2011-05-21T05:22:01","modified_gmt":"2011-05-21T08:22:01","slug":"vuelve-busse","status":"publish","type":"post","link":"https:\/\/www.locoxelrojo.com\/independiente\/2011\/05\/20\/vuelve-busse\/","title":{"rendered":"Vuelve Busse"},"content":{"rendered":"<p><a href=\"http:\/\/www.locoxelrojo.com.ar\/independiente\/wp-content\/uploads\/2011\/05\/diaz_busse.jpg\"><img loading=\"lazy\" class=\"alignnone size-full wp-image-7986\" title=\"diaz_busse\" src=\"http:\/\/www.locoxelrojo.com.ar\/independiente\/wp-content\/uploads\/2011\/05\/diaz_busse.jpg\" alt=\"\" width=\"590\" height=\"315\" srcset=\"https:\/\/locoxelrojo.com\/independiente\/wp-content\/uploads\/2011\/05\/diaz_busse.jpg 590w, https:\/\/locoxelrojo.com\/independiente\/wp-content\/uploads\/2011\/05\/diaz_busse-300x160.jpg 300w\" sizes=\"(max-width: 590px) 100vw, 590px\" \/><\/a><\/p>\n<p>En la pr\u00e1ctica de hoy Cristian D\u00edaz le confirm\u00f3 a sus dirigidos el 11 que enfrentar\u00e1 a Col\u00f3n ma\u00f1ana a las 15:30 en el predio Santo Domingo de Villa Dom\u00ednico. La &#8220;Piponeta&#8221; formar\u00e1 con <strong>Diego Rodriguez, Javier B\u00e1ez, Samuel C\u00e1ceres, Ignacio Barcia, Lucas Krupsky; Walter Busse, Fabi\u00e1n Monserrat, Nicol\u00e1s Delmonte, Emiliano Medina; Brian Nieva y PatricioVidal.<\/strong><\/p>\n<p>La novedad es la vuelta de Walter Busse luego del lamentable episodio que le toc\u00f3 vivir el \u00faltimo 27 de abril en el cual fue dormido mientras le robaban la casa -sigue siendo investigado por la comisar\u00eda 12 de la  Polic\u00eda Federal y la Fiscal\u00eda de Instrucci\u00f3n Nacional N\u00famero 5-.<\/p>\n<p>El DT dialog\u00f3 con el jugador y este le expres\u00f3 su deseo de volver a recuperar ritmo de cara a lo que ser\u00e1 la pretemporada con la 1\u00ba divisi\u00f3n. Busse apenas tuvo 3 presencias en lo que va del Clausura 2011 luego de su lesi\u00f3n de tibia.<\/p>\n<p>La reserva de Independiente se ubica 10\u00ba con 42 puntos -11 victorias, 9 empates y 11 derrotas- De ganar hoy se ubicar\u00e1 8\u00ba superando la linea de San Lorenzo y Olimpo con 44 y 45 puntos respectivamente.<\/p>\n","protected":false},"excerpt":{"rendered":"<p>En la pr\u00e1ctica de hoy Cristian D\u00edaz le confirm\u00f3 a sus dirigidos el 11 que enfrentar\u00e1 a Col\u00f3n ma\u00f1ana a las 15:30 en el predio Santo Domingo de Villa Dom\u00ednico. La &#8220;Piponeta&#8221; formar\u00e1 con Diego Rodriguez, Javier B\u00e1ez, Samuel C\u00e1ceres, Ignacio Barcia, Lucas Krupsky; Walter Busse, Fabi\u00e1n Monserrat, Nicol\u00e1s Delmonte, Emiliano Medina; Brian Nieva y [&hellip;]<\/p>\n","protected":false},"author":1,"featured_media":0,"comment_status":"open","ping_status":"open","sticky":false,"template":"","format":"standard","meta":{"_links_to":"","_links_to_target":""},"categories":[3,5,1],"tags":[153,225,3270,28],"_links":{"self":[{"href":"https:\/\/www.locoxelrojo.com\/independiente\/wp-json\/wp\/v2\/posts\/7985"}],"collection":[{"href":"https:\/\/www.locoxelrojo.com\/independiente\/wp-json\/wp\/v2\/posts"}],"about":[{"href":"https:\/\/www.locoxelrojo.com\/independiente\/wp-json\/wp\/v2\/types\/post"}],"author":[{"embeddable":true,"href":"https:\/\/www.locoxelrojo.com\/independiente\/wp-json\/wp\/v2\/users\/1"}],"replies":[{"embeddable":true,"href":"https:\/\/www.locoxelrojo.com\/independiente\/wp-json\/wp\/v2\/comments?post=7985"}],"version-history":[{"count":0,"href":"https:\/\/www.locoxelrojo.com\/independiente\/wp-json\/wp\/v2\/posts\/7985\/revisions"}],"wp:attachment":[{"href":"https:\/\/www.locoxelrojo.com\/independiente\/wp-json\/wp\/v2\/media?parent=7985"}],"wp:term":[{"taxonomy":"category","embeddable":true,"href":"https:\/\/www.locoxelrojo.com\/independiente\/wp-json\/wp\/v2\/categories?post=7985"},{"taxonomy":"post_tag","embeddable":true,"href":"https:\/\/www.locoxelrojo.com\/independiente\/wp-json\/wp\/v2\/tags?post=7985"}],"curies":[{"name":"wp","href":"https:\/\/api.w.org\/{rel}","templated":true}]}}