{"id":79999,"date":"2018-09-28T20:30:06","date_gmt":"2018-09-28T23:30:06","guid":{"rendered":"http:\/\/www.locoxelrojo.com\/independiente\/?p=79999"},"modified":"2018-09-29T18:52:16","modified_gmt":"2018-09-29T21:52:16","slug":"el-ecuatoriano-gaibor-encendio-la-alarma","status":"publish","type":"post","link":"https:\/\/www.locoxelrojo.com\/independiente\/2018\/09\/28\/el-ecuatoriano-gaibor-encendio-la-alarma\/","title":{"rendered":"El ecuatoriano encendi\u00f3 la alarma"},"content":{"rendered":"<p><strong>Fernando Gaibor se retir\u00f3 lesionado<\/strong> promediando el primer tiempo <a href=\"https:\/\/www.locoxelrojo.com\/independiente\/2018\/09\/28\/perdio-dos-puntos\/\">en el empate 0-0 frente a Tigre<\/a> por la fecha 7 de la Superliga.<\/p>\n<p>El ecuatoriano ven\u00eda realizando un aceptable partido. Dentro de la mediocridad de Independiente, <strong>le meti\u00f3 un pase de gol b\u00e1rbaro a Emmanuel Gigliotti quien defini\u00f3 al cuerpo de Augusto Batalla<\/strong>. Luego, <strong>le cometieron el penal que fall\u00f3 Gonzalo Ver\u00f3n y desde esa jugada qued\u00f3 con una molestia por el fuerte golpe<\/strong>.<\/p>\n<p>Aguant\u00f3 hasta donde pudo, <strong>pero a los 35 minutos dej\u00f3 la cancha en camilla e ingres\u00f3 Nicol\u00e1s Domingo<\/strong>. A\u00fan no hay precisiones sobre la lesi\u00f3n y se espera el parte m\u00e9dico oficial para saber la gravedad.<\/p>\n<p><a href=\"https:\/\/www.locoxelrojo.com\/independiente\/wp-content\/uploads\/2018\/09\/gaibor-camilla-independiente-tigre.jpg\"><img loading=\"lazy\" src=\"https:\/\/www.locoxelrojo.com\/independiente\/wp-content\/uploads\/2018\/09\/gaibor-camilla-independiente-tigre.jpg\" alt=\"\" width=\"860\" height=\"575\" class=\"alignnone size-full wp-image-80002\" srcset=\"https:\/\/locoxelrojo.com\/independiente\/wp-content\/uploads\/2018\/09\/gaibor-camilla-independiente-tigre.jpg 860w, https:\/\/locoxelrojo.com\/independiente\/wp-content\/uploads\/2018\/09\/gaibor-camilla-independiente-tigre-300x201.jpg 300w, https:\/\/locoxelrojo.com\/independiente\/wp-content\/uploads\/2018\/09\/gaibor-camilla-independiente-tigre-768x513.jpg 768w, https:\/\/locoxelrojo.com\/independiente\/wp-content\/uploads\/2018\/09\/gaibor-camilla-independiente-tigre-696x465.jpg 696w, https:\/\/locoxelrojo.com\/independiente\/wp-content\/uploads\/2018\/09\/gaibor-camilla-independiente-tigre-628x420.jpg 628w, https:\/\/locoxelrojo.com\/independiente\/wp-content\/uploads\/2018\/09\/gaibor-camilla-independiente-tigre-128x86.jpg 128w, https:\/\/locoxelrojo.com\/independiente\/wp-content\/uploads\/2018\/09\/gaibor-camilla-independiente-tigre-32x21.jpg 32w\" sizes=\"(max-width: 860px) 100vw, 860px\" \/><\/a><\/p>\n","protected":false},"excerpt":{"rendered":"<p>Fernando Gaibor se retir\u00f3 lesionado promediando el primer tiempo en el empate 0-0 frente a Tigre por la fecha 7 de la Superliga. El ecuatoriano ven\u00eda realizando un aceptable partido. Dentro de la mediocridad de Independiente, le meti\u00f3 un pase de gol b\u00e1rbaro a Emmanuel Gigliotti quien defini\u00f3 al cuerpo de Augusto Batalla. Luego, le [&hellip;]<\/p>\n","protected":false},"author":1,"featured_media":80001,"comment_status":"open","ping_status":"closed","sticky":false,"template":"","format":"standard","meta":{"_links_to":"","_links_to_target":""},"categories":[3247,3],"tags":[153,3747,309],"_links":{"self":[{"href":"https:\/\/www.locoxelrojo.com\/independiente\/wp-json\/wp\/v2\/posts\/79999"}],"collection":[{"href":"https:\/\/www.locoxelrojo.com\/independiente\/wp-json\/wp\/v2\/posts"}],"about":[{"href":"https:\/\/www.locoxelrojo.com\/independiente\/wp-json\/wp\/v2\/types\/post"}],"author":[{"embeddable":true,"href":"https:\/\/www.locoxelrojo.com\/independiente\/wp-json\/wp\/v2\/users\/1"}],"replies":[{"embeddable":true,"href":"https:\/\/www.locoxelrojo.com\/independiente\/wp-json\/wp\/v2\/comments?post=79999"}],"version-history":[{"count":0,"href":"https:\/\/www.locoxelrojo.com\/independiente\/wp-json\/wp\/v2\/posts\/79999\/revisions"}],"wp:featuredmedia":[{"embeddable":true,"href":"https:\/\/www.locoxelrojo.com\/independiente\/wp-json\/wp\/v2\/media\/80001"}],"wp:attachment":[{"href":"https:\/\/www.locoxelrojo.com\/independiente\/wp-json\/wp\/v2\/media?parent=79999"}],"wp:term":[{"taxonomy":"category","embeddable":true,"href":"https:\/\/www.locoxelrojo.com\/independiente\/wp-json\/wp\/v2\/categories?post=79999"},{"taxonomy":"post_tag","embeddable":true,"href":"https:\/\/www.locoxelrojo.com\/independiente\/wp-json\/wp\/v2\/tags?post=79999"}],"curies":[{"name":"wp","href":"https:\/\/api.w.org\/{rel}","templated":true}]}}