{"id":80020,"date":"2018-09-29T16:42:41","date_gmt":"2018-09-29T19:42:41","guid":{"rendered":"http:\/\/www.locoxelrojo.com\/independiente\/?p=80020"},"modified":"2018-09-29T18:53:48","modified_gmt":"2018-09-29T21:53:48","slug":"parte-medico-de-fernando-gaibor","status":"publish","type":"post","link":"https:\/\/www.locoxelrojo.com\/independiente\/2018\/09\/29\/parte-medico-de-fernando-gaibor\/","title":{"rendered":"Parte m\u00e9dico de Gaibor"},"content":{"rendered":"<p><strong>Este s\u00e1bado se dio a conocer el parte m\u00e9dico de Fernando Gaibor, quien hab\u00eda salido lesionado en el primer tiempo ante Tigre con gestos de mucho dolor.<\/strong><\/p>\n<p>El 10 <a href=\"https:\/\/www.locoxelrojo.com\/independiente\/2018\/09\/28\/el-ecuatoriano-encendio-la-alarma\/\">encendi\u00f3 la alarma el viernes en Avellaneda<\/a>, cuando no pudo seguir en cancha pocos minutos despu\u00e9s de que le cometieran el penal. Qued\u00f3 enganchado en el aire con Sebasti\u00e1n Prediger y se llev\u00f3 la peor parte, ya que <strong>cay\u00f3 con el peso de ambos sobre su pierna izquierda<\/strong>.<\/p>\n<p>Los m\u00e9dicos evaluaron al ecuatoriano y descartaron cualquier lesi\u00f3n de gravedad. Gaibor s\u00f3lo tiene\u00a0<strong>un traumatismo en su pierna izquierda<\/strong> y llegar\u00eda sin problemas al partido con River.<\/p>\n","protected":false},"excerpt":{"rendered":"<p>Este s\u00e1bado se dio a conocer el parte m\u00e9dico de Fernando Gaibor, quien hab\u00eda salido lesionado en el primer tiempo ante Tigre con gestos de mucho dolor. El 10 encendi\u00f3 la alarma el viernes en Avellaneda, cuando no pudo seguir en cancha pocos minutos despu\u00e9s de que le cometieran el penal. Qued\u00f3 enganchado en el [&hellip;]<\/p>\n","protected":false},"author":8,"featured_media":80002,"comment_status":"open","ping_status":"closed","sticky":false,"template":"","format":"standard","meta":{"_links_to":"","_links_to_target":""},"categories":[3247,3],"tags":[3747],"_links":{"self":[{"href":"https:\/\/www.locoxelrojo.com\/independiente\/wp-json\/wp\/v2\/posts\/80020"}],"collection":[{"href":"https:\/\/www.locoxelrojo.com\/independiente\/wp-json\/wp\/v2\/posts"}],"about":[{"href":"https:\/\/www.locoxelrojo.com\/independiente\/wp-json\/wp\/v2\/types\/post"}],"author":[{"embeddable":true,"href":"https:\/\/www.locoxelrojo.com\/independiente\/wp-json\/wp\/v2\/users\/8"}],"replies":[{"embeddable":true,"href":"https:\/\/www.locoxelrojo.com\/independiente\/wp-json\/wp\/v2\/comments?post=80020"}],"version-history":[{"count":0,"href":"https:\/\/www.locoxelrojo.com\/independiente\/wp-json\/wp\/v2\/posts\/80020\/revisions"}],"wp:featuredmedia":[{"embeddable":true,"href":"https:\/\/www.locoxelrojo.com\/independiente\/wp-json\/wp\/v2\/media\/80002"}],"wp:attachment":[{"href":"https:\/\/www.locoxelrojo.com\/independiente\/wp-json\/wp\/v2\/media?parent=80020"}],"wp:term":[{"taxonomy":"category","embeddable":true,"href":"https:\/\/www.locoxelrojo.com\/independiente\/wp-json\/wp\/v2\/categories?post=80020"},{"taxonomy":"post_tag","embeddable":true,"href":"https:\/\/www.locoxelrojo.com\/independiente\/wp-json\/wp\/v2\/tags?post=80020"}],"curies":[{"name":"wp","href":"https:\/\/api.w.org\/{rel}","templated":true}]}}