{"id":80100,"date":"2018-10-04T12:19:49","date_gmt":"2018-10-04T15:19:49","guid":{"rendered":"http:\/\/www.locoxelrojo.com\/independiente\/?p=80100"},"modified":"2018-10-05T00:10:58","modified_gmt":"2018-10-05T03:10:58","slug":"tucu-hernandez-a-norteamerica-con-la-roja","status":"publish","type":"post","link":"https:\/\/www.locoxelrojo.com\/independiente\/2018\/10\/04\/tucu-hernandez-a-norteamerica-con-la-roja\/","title":{"rendered":"Hern\u00e1ndez, a Norteam\u00e9rica con La Roja"},"content":{"rendered":"<p><strong>Pablo Hern\u00e1ndez fue convocado a la Selecci\u00f3n de Chile para jugar los amistosos ante Per\u00fa y M\u00e9xico.<\/strong><\/p>\n<p>El volante de Independiente volvi\u00f3 a ser citado por Reinaldo Rueda para la fecha FIFA. El Tucu est\u00e1 entre los 24 convocados para la<strong> gira de La Roja por Norteam\u00e9rica<\/strong>.<\/p>\n<p>El seleccionado chileno se medir\u00e1 el <strong>viernes 12 de octubre ante Per\u00fa en Miami<\/strong> y luego viajar\u00e1 a Quer\u00e9taro para jugar el <strong>martes 16 contra M\u00e9xico<\/strong>.<\/p>\n","protected":false},"excerpt":{"rendered":"<p>Pablo Hern\u00e1ndez fue convocado a la Selecci\u00f3n de Chile para jugar los amistosos ante Per\u00fa y M\u00e9xico. El volante de Independiente volvi\u00f3 a ser citado por Reinaldo Rueda para la fecha FIFA. El Tucu est\u00e1 entre los 24 convocados para la gira de La Roja por Norteam\u00e9rica. El seleccionado chileno se medir\u00e1 el viernes 12 [&hellip;]<\/p>\n","protected":false},"author":8,"featured_media":80101,"comment_status":"open","ping_status":"closed","sticky":false,"template":"","format":"standard","meta":{"_links_to":"","_links_to_target":""},"categories":[3280,3247],"tags":[2106,4023],"_links":{"self":[{"href":"https:\/\/www.locoxelrojo.com\/independiente\/wp-json\/wp\/v2\/posts\/80100"}],"collection":[{"href":"https:\/\/www.locoxelrojo.com\/independiente\/wp-json\/wp\/v2\/posts"}],"about":[{"href":"https:\/\/www.locoxelrojo.com\/independiente\/wp-json\/wp\/v2\/types\/post"}],"author":[{"embeddable":true,"href":"https:\/\/www.locoxelrojo.com\/independiente\/wp-json\/wp\/v2\/users\/8"}],"replies":[{"embeddable":true,"href":"https:\/\/www.locoxelrojo.com\/independiente\/wp-json\/wp\/v2\/comments?post=80100"}],"version-history":[{"count":0,"href":"https:\/\/www.locoxelrojo.com\/independiente\/wp-json\/wp\/v2\/posts\/80100\/revisions"}],"wp:featuredmedia":[{"embeddable":true,"href":"https:\/\/www.locoxelrojo.com\/independiente\/wp-json\/wp\/v2\/media\/80101"}],"wp:attachment":[{"href":"https:\/\/www.locoxelrojo.com\/independiente\/wp-json\/wp\/v2\/media?parent=80100"}],"wp:term":[{"taxonomy":"category","embeddable":true,"href":"https:\/\/www.locoxelrojo.com\/independiente\/wp-json\/wp\/v2\/categories?post=80100"},{"taxonomy":"post_tag","embeddable":true,"href":"https:\/\/www.locoxelrojo.com\/independiente\/wp-json\/wp\/v2\/tags?post=80100"}],"curies":[{"name":"wp","href":"https:\/\/api.w.org\/{rel}","templated":true}]}}