{"id":80113,"date":"2018-10-06T14:32:24","date_gmt":"2018-10-06T17:32:24","guid":{"rendered":"http:\/\/www.locoxelrojo.com\/independiente\/?p=80113"},"modified":"2018-10-06T14:55:52","modified_gmt":"2018-10-06T17:55:52","slug":"recuperarse-y-trepar-en-la-tabla","status":"publish","type":"post","link":"https:\/\/www.locoxelrojo.com\/independiente\/2018\/10\/06\/recuperarse-y-trepar-en-la-tabla\/","title":{"rendered":"Recuperarse y trepar en la tabla"},"content":{"rendered":"<p><strong>Por la 8\u00ba fecha de la Superliga, Independiente visitar\u00e1 a Patronato desde las 20 en el\u00a0Estadio Presb\u00edtero Bartolom\u00e9 Grella, con <a href=\"https:\/\/www.locoxelrojo.com\/independiente\/2018\/10\/05\/andres-merlos-el-arbitro-en-parana\/\">el arbitraje de Andr\u00e9s Merlos<\/a>.<\/strong><\/p>\n<p>Despu\u00e9s de mucho tiempo, el Rojo se ve obligado a apuntar <strong>todos sus ca\u00f1ones al campeonato local<\/strong>. Las eliminaciones por Copa Argentina y Libertadores elevaron a<strong> la Superliga como el m\u00e1ximo objetivo de Independiente<\/strong>, al menos de ac\u00e1 a diciembre, a la espera de alg\u00fan resultado ajeno que pueda clasificarlo por la ventana al m\u00e1ximo certamen internacional.<\/p>\n<p>El equipo de Ariel Holan perdi\u00f3 much\u00edsimo terreno. <strong>Con apenas 7 puntos (y un partido menos) est\u00e1 a 12 del puntero<\/strong>. Por eso necesita sumar la mayor cantidad de puntos posibles para terminar el a\u00f1o con chances de pelear arriba. Esta noche, en Paran\u00e1, tendr\u00e1 una buena chance para enderezar el barco ante un Patr\u00f3n que lucha por el milagro de no descender.<\/p>\n<p>El t\u00e9cnico no confirm\u00f3 el equipo, pero dado el panorama, pondr\u00e1 lo mejor que tiene a disposici\u00f3n y no tocar\u00eda demasiado de la formaci\u00f3n que perdi\u00f3 en el Monumental. <strong>Juan S\u00e1nchez Mi\u00f1o y Gast\u00f3n Silva pelean por un puesto<\/strong> en el lateral izquierdo de la defensa. En el mediocampo, <strong>Francisco Silva o Fernando Gaibor<\/strong> formar\u00e1n el doble 5 con Nicol\u00e1s Domingo. Y en ataque, al estar Maximiliano Meza reci\u00e9n recuperado, el Profesor optar\u00eda por <strong>la vuelta de Emmanuel Gigliotti como centrodelantero<\/strong>, retrasando a Silvio Romero.<\/p>\n<p>Por su parte, <strong>Patronato llega muy complicado con el descenso<\/strong> y necesita sumar de manera urgente para salir del <strong>antepen\u00faltimo puesto de la tabla de promedios<\/strong>. El fin de semana pasado, en el debut de Mario Sciacqua como DT, se sac\u00f3 la mufa y sum\u00f3 su <strong>primera victoria, 2-1 ante Talleres en Paran\u00e1<\/strong>, tras cinco derrotas al hilo. La \u00fanica variante respecto de ese equipo ser\u00eda el ingreso de\u00a0<strong>Renzo Vera a la dupla central en lugar de Agust\u00edn Sandona.<\/strong><\/p>\n<h3>Probables formaciones<\/h3>\n<p><strong>Patronato:<\/strong> Sebasti\u00e1n B\u00e9rtoli; Lautaro Geminiani, Walter Andrade, Renzo Vera, Nicol\u00e1s Pantaleone; Mauricio Sperduti, Dami\u00e1n Lemos, Gabriel Carabajal, Lautaro Comas; Nicol\u00e1s Roy\u00f3n y Ezequiel Rescaldani.<br \/>\n<strong>DT:<\/strong> Mario Sciacqua.<\/p>\n<p><strong>Independiente:<\/strong> Mart\u00edn Campa\u00f1a; Fabricio Bustos, Alan Franco, Nicol\u00e1s Figal, Juan S\u00e1nchez Mi\u00f1o; Fernando Gaibor, Nicol\u00e1s Domingo; Silvio Romero, Pablo Hern\u00e1ndez, Mart\u00edn Ben\u00edtez; Emmanuel Gigliotti.<br \/>\n<strong>DT:<\/strong> Ariel Holan.<\/p>\n<p><strong>\u00c1rbitro:<\/strong> Andr\u00e9s Merlos.<\/p>\n<p><strong>Hora:<\/strong> 20:00.<\/p>\n<p><strong>Estadio:<\/strong> Presb\u00edtero Bartolom\u00e9 Grella.<\/p>\n<p><strong>TV:<\/strong> TNT Sports.<\/p>\n","protected":false},"excerpt":{"rendered":"<p>Por la 8\u00ba fecha de la Superliga, Independiente visitar\u00e1 a Patronato desde las 20 en el\u00a0Estadio Presb\u00edtero Bartolom\u00e9 Grella, con el arbitraje de Andr\u00e9s Merlos. Despu\u00e9s de mucho tiempo, el Rojo se ve obligado a apuntar todos sus ca\u00f1ones al campeonato local. Las eliminaciones por Copa Argentina y Libertadores elevaron a la Superliga como el [&hellip;]<\/p>\n","protected":false},"author":8,"featured_media":79851,"comment_status":"open","ping_status":"closed","sticky":false,"template":"","format":"standard","meta":{"_links_to":"","_links_to_target":""},"categories":[3247,2007],"tags":[153,3521,2461,3959],"_links":{"self":[{"href":"https:\/\/www.locoxelrojo.com\/independiente\/wp-json\/wp\/v2\/posts\/80113"}],"collection":[{"href":"https:\/\/www.locoxelrojo.com\/independiente\/wp-json\/wp\/v2\/posts"}],"about":[{"href":"https:\/\/www.locoxelrojo.com\/independiente\/wp-json\/wp\/v2\/types\/post"}],"author":[{"embeddable":true,"href":"https:\/\/www.locoxelrojo.com\/independiente\/wp-json\/wp\/v2\/users\/8"}],"replies":[{"embeddable":true,"href":"https:\/\/www.locoxelrojo.com\/independiente\/wp-json\/wp\/v2\/comments?post=80113"}],"version-history":[{"count":0,"href":"https:\/\/www.locoxelrojo.com\/independiente\/wp-json\/wp\/v2\/posts\/80113\/revisions"}],"wp:featuredmedia":[{"embeddable":true,"href":"https:\/\/www.locoxelrojo.com\/independiente\/wp-json\/wp\/v2\/media\/79851"}],"wp:attachment":[{"href":"https:\/\/www.locoxelrojo.com\/independiente\/wp-json\/wp\/v2\/media?parent=80113"}],"wp:term":[{"taxonomy":"category","embeddable":true,"href":"https:\/\/www.locoxelrojo.com\/independiente\/wp-json\/wp\/v2\/categories?post=80113"},{"taxonomy":"post_tag","embeddable":true,"href":"https:\/\/www.locoxelrojo.com\/independiente\/wp-json\/wp\/v2\/tags?post=80113"}],"curies":[{"name":"wp","href":"https:\/\/api.w.org\/{rel}","templated":true}]}}