{"id":80223,"date":"2018-10-12T13:32:27","date_gmt":"2018-10-12T16:32:27","guid":{"rendered":"http:\/\/www.locoxelrojo.com\/independiente\/?p=80223"},"modified":"2018-10-12T21:27:01","modified_gmt":"2018-10-13T00:27:01","slug":"german-denis-no-entiendo-como-gigliotti-no-es-un-jugador-indiscutido","status":"publish","type":"post","link":"https:\/\/www.locoxelrojo.com\/independiente\/2018\/10\/12\/german-denis-no-entiendo-como-gigliotti-no-es-un-jugador-indiscutido\/","title":{"rendered":"Denis: &#8220;No entiendo c\u00f3mo Gigliotti no es un jugador indiscutido&#8221;"},"content":{"rendered":"<p><strong>Germ\u00e1n Denis<\/strong>, hoy en Universitario de Deportes de Per\u00fa, opin\u00f3 sobre la actualidad de Independiente, pidi\u00f3 titularidad para Emmanuel Gigliotti y record\u00f3 su \u00faltimo paso por el club en 2016.<\/p>\n<p><strong>&#8220;A veces no entiendo c\u00f3mo Gigliotti no es un jugador indiscutido teniendo en cuenta c\u00f3mo est\u00e1 jugando y lo que le brinda al equipo. En los momentos dif\u00edciles siempre apareci\u00f3, marc\u00f3 y le sirvi\u00f3 mucho al equipo&#8221;<\/strong>, remarc\u00f3 el delantero, quien destac\u00f3 el buen nivel del Rojo a pesar de la eliminaci\u00f3n por Copa Libertadores: <strong>&#8220;Veo un Independiente con mucha intensidad que no merec\u00eda quedarse afuera&#8221;<\/strong>.<\/p>\n<p>Pese a que respald\u00f3 el juego del Puma, el Tanque cont\u00f3 una situaci\u00f3n particular que involucra al actual goleador: <strong>&#8220;Yo era el 9 titular y de un d\u00eda para otro me enter\u00e9 por los medios que me iban a rescindir y que ya estaba en carpeta el nombre de Gigliotti. S\u00faper raro&#8221;<\/strong>. En la misma l\u00ednea, se\u00f1al\u00f3 a los responsables de su salida: <strong>&#8220;La barra, con Bebote y compa\u00f1\u00eda, le dijo a Holan que si no me sacaban no lo iban a apoyar&#8221;<\/strong>.<\/p>\n<p>Denis rememor\u00f3 con nostalgia su \u00faltimo paso por el Rey de Copas, donde no pudo tener el rendimiento de su primer ciclo.\u00a0<strong>&#8220;Me quedaba un a\u00f1o y medio en Atalanta y decid\u00ed volver porque estaba en un buen momento. Estaba muy ilusionado, me hubiese gustado tener m\u00e1s minutos. Los delanteros necesitamos esa continuidad para ganar ritmo&#8221;<\/strong>, sostuvo en di\u00e1logo con <em>La Oral Deportiva<\/em>.<\/p>\n","protected":false},"excerpt":{"rendered":"<p>Germ\u00e1n Denis, hoy en Universitario de Deportes de Per\u00fa, opin\u00f3 sobre la actualidad de Independiente, pidi\u00f3 titularidad para Emmanuel Gigliotti y record\u00f3 su \u00faltimo paso por el club en 2016. &#8220;A veces no entiendo c\u00f3mo Gigliotti no es un jugador indiscutido teniendo en cuenta c\u00f3mo est\u00e1 jugando y lo que le brinda al equipo. En [&hellip;]<\/p>\n","protected":false},"author":8,"featured_media":80224,"comment_status":"open","ping_status":"closed","sticky":false,"template":"","format":"standard","meta":{"_links_to":"","_links_to_target":""},"categories":[3280,3247],"tags":[397],"_links":{"self":[{"href":"https:\/\/www.locoxelrojo.com\/independiente\/wp-json\/wp\/v2\/posts\/80223"}],"collection":[{"href":"https:\/\/www.locoxelrojo.com\/independiente\/wp-json\/wp\/v2\/posts"}],"about":[{"href":"https:\/\/www.locoxelrojo.com\/independiente\/wp-json\/wp\/v2\/types\/post"}],"author":[{"embeddable":true,"href":"https:\/\/www.locoxelrojo.com\/independiente\/wp-json\/wp\/v2\/users\/8"}],"replies":[{"embeddable":true,"href":"https:\/\/www.locoxelrojo.com\/independiente\/wp-json\/wp\/v2\/comments?post=80223"}],"version-history":[{"count":0,"href":"https:\/\/www.locoxelrojo.com\/independiente\/wp-json\/wp\/v2\/posts\/80223\/revisions"}],"wp:featuredmedia":[{"embeddable":true,"href":"https:\/\/www.locoxelrojo.com\/independiente\/wp-json\/wp\/v2\/media\/80224"}],"wp:attachment":[{"href":"https:\/\/www.locoxelrojo.com\/independiente\/wp-json\/wp\/v2\/media?parent=80223"}],"wp:term":[{"taxonomy":"category","embeddable":true,"href":"https:\/\/www.locoxelrojo.com\/independiente\/wp-json\/wp\/v2\/categories?post=80223"},{"taxonomy":"post_tag","embeddable":true,"href":"https:\/\/www.locoxelrojo.com\/independiente\/wp-json\/wp\/v2\/tags?post=80223"}],"curies":[{"name":"wp","href":"https:\/\/api.w.org\/{rel}","templated":true}]}}