{"id":80352,"date":"2018-10-22T11:26:47","date_gmt":"2018-10-22T14:26:47","guid":{"rendered":"http:\/\/www.locoxelrojo.com\/independiente\/?p=80352"},"modified":"2018-10-23T00:59:05","modified_gmt":"2018-10-23T03:59:05","slug":"debuto-diego-mercado-independiente","status":"publish","type":"post","link":"https:\/\/www.locoxelrojo.com\/independiente\/2018\/10\/22\/debuto-diego-mercado-independiente\/","title":{"rendered":"Debut\u00f3 Mercado"},"content":{"rendered":"<p><strong>Diego Mercado debut\u00f3 con la camiseta de Independiente.<\/strong> El joven de 21 a\u00f1os dio sus primeros pasos en Primera en <a href=\"https:\/\/www.locoxelrojo.com\/independiente\/2018\/10\/21\/el-puma-metio-las-garras\/\">la victoria por 3-1 frente a Hurac\u00e1n<\/a>.<\/p>\n<p><strong>Faltaban pocos minutos para que culmine el encuentro y Fabricio Bustos fue reemplazado por Mercado.<\/strong> Lleg\u00f3 libre desde Boca, la pele\u00f3 en la reserva dirigida por Fernando Ber\u00f3n y en febrero de este a\u00f1o firm\u00f3 su primer contrato con el club.<\/p>\n<p>Le toc\u00f3 ir al banco en varios partidos, pero finalmente Ariel Holan lo hizo debutar frente al Globo y se suma a la larga lista de juveniles que llegaron a Primera gracias a la confianza del Profesor: <strong>Alan Franco, Sergio Barreto, Gonzalo As\u00eds, Mauro Molina, Ezequiel Denis, Gast\u00f3n Togni, Rodrigo Moreira y Leonel \u00c1lvarez<\/strong>.<\/p>\n<p>Justo en el d\u00eda de la madre le dio el mejor regalo a su mam\u00e1 M\u00f3nica, quien realiz\u00f3 un posteo en su cuenta de Instagram muy emotivo:<\/p>\n<blockquote class=\"instagram-media\" style=\"background: #FFF; border: 0; border-radius: 3px; box-shadow: 0 0 1px 0 rgba(0,0,0,0.5),0 1px 10px 0 rgba(0,0,0,0.15); margin: 1px; max-width: 540px; min-width: 326px; padding: 0; width: calc(100% - 2px);\" data-instgrm-captioned=\"\" data-instgrm-permalink=\"https:\/\/www.instagram.com\/p\/BpNnQThg6Uq\/?utm_source=ig_embed&amp;utm_medium=loading\" data-instgrm-version=\"12\">\n<div style=\"padding: 16px;\">\n<p>&nbsp;<\/p>\n<div style=\"display: flex; flex-direction: row; align-items: center;\">\n<div style=\"background-color: #f4f4f4; border-radius: 50%; flex-grow: 0; height: 40px; margin-right: 14px; width: 40px;\"><\/div>\n<div style=\"display: flex; flex-direction: column; flex-grow: 1; justify-content: center;\">\n<div style=\"background-color: #f4f4f4; border-radius: 4px; flex-grow: 0; height: 14px; margin-bottom: 6px; width: 100px;\"><\/div>\n<div style=\"background-color: #f4f4f4; border-radius: 4px; flex-grow: 0; height: 14px; width: 60px;\"><\/div>\n<\/div>\n<\/div>\n<div style=\"padding: 19% 0;\"><\/div>\n<div style=\"display: block; height: 50px; margin: 0 auto 12px; width: 50px;\"><\/div>\n<div style=\"padding-top: 8px;\">\n<div style=\"color: #3897f0; font-family: Arial,sans-serif; font-size: 14px; font-style: normal; font-weight: 550; line-height: 18px;\">Ver esta publicaci\u00f3n en Instagram<\/div>\n<\/div>\n<div style=\"padding: 12.5% 0;\"><\/div>\n<div style=\"display: flex; flex-direction: row; margin-bottom: 14px; align-items: center;\">\n<div>\n<div style=\"background-color: #f4f4f4; border-radius: 50%; height: 12.5px; width: 12.5px; transform: translateX(0px) translateY(7px);\"><\/div>\n<div style=\"background-color: #f4f4f4; height: 12.5px; transform: rotate(-45deg) translateX(3px) translateY(1px); width: 12.5px; flex-grow: 0; margin-right: 14px; margin-left: 2px;\"><\/div>\n<div style=\"background-color: #f4f4f4; border-radius: 50%; height: 12.5px; width: 12.5px; transform: translateX(9px) translateY(-18px);\"><\/div>\n<\/div>\n<div style=\"margin-left: 8px;\">\n<div style=\"background-color: #f4f4f4; border-radius: 50%; flex-grow: 0; height: 20px; width: 20px;\"><\/div>\n<div style=\"width: 0; height: 0; border-top: 2px solid transparent; border-left: 6px solid #f4f4f4; border-bottom: 2px solid transparent; transform: translateX(16px) translateY(-4px) rotate(30deg);\"><\/div>\n<\/div>\n<div style=\"margin-left: auto;\">\n<div style=\"width: 0px; border-top: 8px solid #F4F4F4; border-right: 8px solid transparent; transform: translateY(16px);\"><\/div>\n<div style=\"background-color: #f4f4f4; flex-grow: 0; height: 12px; width: 16px; transform: translateY(-4px);\"><\/div>\n<div style=\"width: 0; height: 0; border-top: 8px solid #F4F4F4; border-left: 8px solid transparent; transform: translateY(-4px) translateX(8px);\"><\/div>\n<\/div>\n<\/div>\n<p>&nbsp;<\/p>\n<p style=\"margin: 8px 0 0 0; padding: 0 4px;\"><a style=\"color: #000; font-family: Arial,sans-serif; font-size: 14px; font-style: normal; font-weight: normal; line-height: 17px; text-decoration: none; word-wrap: break-word;\" href=\"https:\/\/www.instagram.com\/p\/BpNnQThg6Uq\/?utm_source=ig_embed&amp;utm_medium=loading\" target=\"_blank\" rel=\"noopener\">Y lleg\u00f3 el d\u00eda gordo, desde la primera vez que fuiste a la cancha y le se\u00f1alabas a pap\u00e1 que vos ibas a estar ah\u00ed, y ac\u00e1 estamos! Me explota el coraz\u00f3n de orgullo, sos un guerrero de la vida! Contra todos los obst\u00e1culos de la vida, vos s\u00ed que sabes pelearla y nosotros SIEMPRE al lado tuyo! Te amo y admiro! Que \u00e9ste sea el comienzo de muchos \u00e9xitos &#x1f389;&#x1f64c;&#x1f3fc; El mejor regalo que le podes a hacer a mam\u00e1 en su d\u00eda! #VamosRojo #TodoRojo #Independiente #diegomercado<\/a><\/p>\n<p style=\"color: #c9c8cd; font-family: Arial,sans-serif; font-size: 14px; line-height: 17px; margin-bottom: 0; margin-top: 8px; overflow: hidden; padding: 8px 0 7px; text-align: center; text-overflow: ellipsis; white-space: nowrap;\">Una publicaci\u00f3n compartida de <a style=\"color: #c9c8cd; font-family: Arial,sans-serif; font-size: 14px; font-style: normal; font-weight: normal; line-height: 17px;\" href=\"https:\/\/www.instagram.com\/mmonicasteph\/?utm_source=ig_embed&amp;utm_medium=loading\" target=\"_blank\" rel=\"noopener\"> M\u00f3nica Mercado<\/a> (@mmonicasteph) el <time style=\"font-family: Arial,sans-serif; font-size: 14px; line-height: 17px;\" datetime=\"2018-10-21T22:56:33+00:00\">21 Oct, 2018 a las 3:56 PDT<\/time><\/p>\n<\/div>\n<\/blockquote>\n<p><script async src=\"\/\/www.instagram.com\/embed.js\"><\/script><\/p>\n","protected":false},"excerpt":{"rendered":"<p>Diego Mercado debut\u00f3 con la camiseta de Independiente. El joven de 21 a\u00f1os dio sus primeros pasos en Primera en la victoria por 3-1 frente a Hurac\u00e1n. Faltaban pocos minutos para que culmine el encuentro y Fabricio Bustos fue reemplazado por Mercado. Lleg\u00f3 libre desde Boca, la pele\u00f3 en la reserva dirigida por Fernando Ber\u00f3n [&hellip;]<\/p>\n","protected":false},"author":101012,"featured_media":80353,"comment_status":"open","ping_status":"closed","sticky":false,"template":"","format":"standard","meta":{"_links_to":"","_links_to_target":""},"categories":[3247,3],"tags":[153,3381,310,3959],"_links":{"self":[{"href":"https:\/\/www.locoxelrojo.com\/independiente\/wp-json\/wp\/v2\/posts\/80352"}],"collection":[{"href":"https:\/\/www.locoxelrojo.com\/independiente\/wp-json\/wp\/v2\/posts"}],"about":[{"href":"https:\/\/www.locoxelrojo.com\/independiente\/wp-json\/wp\/v2\/types\/post"}],"author":[{"embeddable":true,"href":"https:\/\/www.locoxelrojo.com\/independiente\/wp-json\/wp\/v2\/users\/101012"}],"replies":[{"embeddable":true,"href":"https:\/\/www.locoxelrojo.com\/independiente\/wp-json\/wp\/v2\/comments?post=80352"}],"version-history":[{"count":0,"href":"https:\/\/www.locoxelrojo.com\/independiente\/wp-json\/wp\/v2\/posts\/80352\/revisions"}],"wp:featuredmedia":[{"embeddable":true,"href":"https:\/\/www.locoxelrojo.com\/independiente\/wp-json\/wp\/v2\/media\/80353"}],"wp:attachment":[{"href":"https:\/\/www.locoxelrojo.com\/independiente\/wp-json\/wp\/v2\/media?parent=80352"}],"wp:term":[{"taxonomy":"category","embeddable":true,"href":"https:\/\/www.locoxelrojo.com\/independiente\/wp-json\/wp\/v2\/categories?post=80352"},{"taxonomy":"post_tag","embeddable":true,"href":"https:\/\/www.locoxelrojo.com\/independiente\/wp-json\/wp\/v2\/tags?post=80352"}],"curies":[{"name":"wp","href":"https:\/\/api.w.org\/{rel}","templated":true}]}}