{"id":80386,"date":"2018-10-25T10:20:28","date_gmt":"2018-10-25T13:20:28","guid":{"rendered":"http:\/\/www.locoxelrojo.com\/independiente\/?p=80386"},"modified":"2018-10-26T00:39:33","modified_gmt":"2018-10-26T03:39:33","slug":"hugo-moyano-no-me-voy-de-la-presidencia-sin-el-techo-terminado","status":"publish","type":"post","link":"https:\/\/www.locoxelrojo.com\/independiente\/2018\/10\/25\/hugo-moyano-no-me-voy-de-la-presidencia-sin-el-techo-terminado\/","title":{"rendered":"H. Moyano: &#8220;No me voy de la presidencia sin el techo terminado&#8221;"},"content":{"rendered":"<p>El Presidente de Independiente, <strong>Hugo Moyano<\/strong>, se refiri\u00f3 a uno de los objetivos m\u00e1s importantes que se traz\u00f3 durante su segundo mandato: techar el Libertadores de Am\u00e9rica. Adem\u00e1s reconoci\u00f3 que a\u00fan no habl\u00f3 con Ariel Holan sobre los refuerzos para el a\u00f1o que viene.<\/p>\n<p><strong>&#8220;Estamos haciendo las conexiones para techar el estadio. Estamos viendo distintas variantes. Hay algunas que son muy interesantes&#8221;<\/strong>, expres\u00f3 el mandam\u00e1s del Rey de Copas cuando al ser consultado sobre el estado de la finalizaci\u00f3n de la cancha.<\/p>\n<p>Y en ese sentido, asegur\u00f3: <strong>&#8220;Yo no me voy de la presidencia sin el techo terminado. Si Dios quiere, vamos a convertir el estadio de Independiente en el m\u00e1s lindo del continente&#8221;<\/strong>.<\/p>\n<p>Por otra parte, destac\u00f3 la producci\u00f3n del equipo en el \u00faltimo fin de semana. <strong>&#8220;El viaje a Jap\u00f3n dej\u00f3 un desgaste f\u00edsico enorme pero con el correr de los d\u00edas se supieron recuperar y eso se vio el domingo con Hurac\u00e1n&#8221;<\/strong>, manifest\u00f3 Moyano en di\u00e1logo con Rojos de Pasi\u00f3n.<\/p>\n<p>En relaci\u00f3n al pr\u00f3ximo mercado de pases dijo: <strong>&#8220;Por ahora Holan no me pidi\u00f3 ning\u00fan jugador, soy muy respetuoso con \u00e9l. Intercambiamos opiniones y tomamos algunas decisiones pero no discutimos refuerzos&#8221;<\/strong>.<\/p>\n<p>Sobre el cierre, hizo menci\u00f3n a la llegada de las Sociedades An\u00f3nimas al f\u00fatbol argentino. Al respecto, Moyano volvi\u00f3 a pronunciarse en contra: <strong>&#8220;Nosotros desde el primer momento dijimos que no estamos de acuerdo. Este gobierno es ultraliberal&#8221;<\/strong>. Y destac\u00f3 que desde Independiente quieren que la votaci\u00f3n en AFA sea a mano alzada para que <strong>&#8220;el socio sepa quien quiere llevar a su club a la privatizaci\u00f3n&#8221;<\/strong>.<\/p>\n","protected":false},"excerpt":{"rendered":"<p>El Presidente de Independiente, Hugo Moyano, se refiri\u00f3 a uno de los objetivos m\u00e1s importantes que se traz\u00f3 durante su segundo mandato: techar el Libertadores de Am\u00e9rica. Adem\u00e1s reconoci\u00f3 que a\u00fan no habl\u00f3 con Ariel Holan sobre los refuerzos para el a\u00f1o que viene. &#8220;Estamos haciendo las conexiones para techar el estadio. Estamos viendo distintas [&hellip;]<\/p>\n","protected":false},"author":19,"featured_media":78640,"comment_status":"open","ping_status":"closed","sticky":false,"template":"","format":"standard","meta":{"_links_to":"","_links_to_target":""},"categories":[3280,3247],"tags":[153,140],"_links":{"self":[{"href":"https:\/\/www.locoxelrojo.com\/independiente\/wp-json\/wp\/v2\/posts\/80386"}],"collection":[{"href":"https:\/\/www.locoxelrojo.com\/independiente\/wp-json\/wp\/v2\/posts"}],"about":[{"href":"https:\/\/www.locoxelrojo.com\/independiente\/wp-json\/wp\/v2\/types\/post"}],"author":[{"embeddable":true,"href":"https:\/\/www.locoxelrojo.com\/independiente\/wp-json\/wp\/v2\/users\/19"}],"replies":[{"embeddable":true,"href":"https:\/\/www.locoxelrojo.com\/independiente\/wp-json\/wp\/v2\/comments?post=80386"}],"version-history":[{"count":0,"href":"https:\/\/www.locoxelrojo.com\/independiente\/wp-json\/wp\/v2\/posts\/80386\/revisions"}],"wp:featuredmedia":[{"embeddable":true,"href":"https:\/\/www.locoxelrojo.com\/independiente\/wp-json\/wp\/v2\/media\/78640"}],"wp:attachment":[{"href":"https:\/\/www.locoxelrojo.com\/independiente\/wp-json\/wp\/v2\/media?parent=80386"}],"wp:term":[{"taxonomy":"category","embeddable":true,"href":"https:\/\/www.locoxelrojo.com\/independiente\/wp-json\/wp\/v2\/categories?post=80386"},{"taxonomy":"post_tag","embeddable":true,"href":"https:\/\/www.locoxelrojo.com\/independiente\/wp-json\/wp\/v2\/tags?post=80386"}],"curies":[{"name":"wp","href":"https:\/\/api.w.org\/{rel}","templated":true}]}}