{"id":80420,"date":"2018-10-28T20:55:49","date_gmt":"2018-10-28T23:55:49","guid":{"rendered":"http:\/\/www.locoxelrojo.com\/independiente\/?p=80420"},"modified":"2018-10-28T22:56:16","modified_gmt":"2018-10-29T01:56:16","slug":"otra-vez-tucu","status":"publish","type":"post","link":"https:\/\/www.locoxelrojo.com\/independiente\/2018\/10\/28\/otra-vez-tucu\/","title":{"rendered":"\u00a1Otra vez, Tucu!"},"content":{"rendered":"<p><strong>Pablo Hern\u00e1ndez volvi\u00f3 a ver la tarjeta roja en casi tiempo r\u00e9cord.<\/strong> Hab\u00eda ingresado en el segundo tiempo para acomodar el mediocampo, pero no hizo m\u00e1s que complicarle la vida a Independiente y dejarlo con un jugador menos.<\/p>\n<p>Fue injustificable lo del Tucu Hern\u00e1ndez <a href=\"https:\/\/www.locoxelrojo.com\/independiente\/2018\/10\/28\/hizo-todo-para-perder\/\">en la derrota por 4-2 ante Atl\u00e9tico Tucum\u00e1n<\/a>. <strong>Entr\u00f3 por Ezequiel Cerutti para ayudar a Nicol\u00e1s Domingo en el medio, donde el Rojo m\u00e1s lo necesitaba, pero primero lo baj\u00f3 a Guillermo Acosta cerca del \u00e1rea del local y un minuto despu\u00e9s volvi\u00f3 a pegarle al mismo jugador de espaldas al arco de Independiente.<\/strong> A Patricio Loustau no le qued\u00f3 otra que sacarle la mostrarle la segunda amarilla y expulsarlo.<\/p>\n<blockquote class=\"twitter-tweet\" data-lang=\"es\">\n<p dir=\"ltr\" lang=\"es\">ROJA PARA EL TUCU HERN\u00c1NDEZ<a href=\"https:\/\/twitter.com\/hashtag\/SuperligaxFOX?src=hash&amp;ref_src=twsrc%5Etfw\">#SuperligaxFOX<\/a> | El argentino-chileno fue expulsado por doble amarilla en el parcial 2-2 entre Atl\u00e9tico Tucum\u00e1n e Independiente.<\/p>\n<p>\u00bfTe parece justo?<\/p>\n<p>&#x1f504; S\u00ed<br \/>\n&#x2665;&#xfe0f; No <a href=\"https:\/\/t.co\/dZsEoFTrZC\">pic.twitter.com\/dZsEoFTrZC<\/a><\/p>\n<p>\u2014 FOX Sports Argentina (@FOXSportsArg) <a href=\"https:\/\/twitter.com\/FOXSportsArg\/status\/1056703051212447745?ref_src=twsrc%5Etfw\">29 de octubre de 2018<\/a><\/p><\/blockquote>\n<p><script async src=\"https:\/\/platform.twitter.com\/widgets.js\" charset=\"utf-8\"><\/script><\/p>\n<p>S\u00f3lo 10 minutos dur\u00f3 Hern\u00e1ndez en el campo de juego. <strong>Lo mismo le ocurri\u00f3 cuando vio la roja ante Banfield, por la sexta fecha de la Superliga.<\/strong> \u00a1Ay, Tucu!<\/p>\n","protected":false},"excerpt":{"rendered":"<p>Pablo Hern\u00e1ndez volvi\u00f3 a ver la tarjeta roja en casi tiempo r\u00e9cord. Hab\u00eda ingresado en el segundo tiempo para acomodar el mediocampo, pero no hizo m\u00e1s que complicarle la vida a Independiente y dejarlo con un jugador menos. Fue injustificable lo del Tucu Hern\u00e1ndez en la derrota por 4-2 ante Atl\u00e9tico Tucum\u00e1n. Entr\u00f3 por Ezequiel [&hellip;]<\/p>\n","protected":false},"author":16,"featured_media":80422,"comment_status":"open","ping_status":"closed","sticky":false,"template":"","format":"standard","meta":{"_links_to":"","_links_to_target":""},"categories":[3247,3],"tags":[297,153,2106,3959],"_links":{"self":[{"href":"https:\/\/www.locoxelrojo.com\/independiente\/wp-json\/wp\/v2\/posts\/80420"}],"collection":[{"href":"https:\/\/www.locoxelrojo.com\/independiente\/wp-json\/wp\/v2\/posts"}],"about":[{"href":"https:\/\/www.locoxelrojo.com\/independiente\/wp-json\/wp\/v2\/types\/post"}],"author":[{"embeddable":true,"href":"https:\/\/www.locoxelrojo.com\/independiente\/wp-json\/wp\/v2\/users\/16"}],"replies":[{"embeddable":true,"href":"https:\/\/www.locoxelrojo.com\/independiente\/wp-json\/wp\/v2\/comments?post=80420"}],"version-history":[{"count":0,"href":"https:\/\/www.locoxelrojo.com\/independiente\/wp-json\/wp\/v2\/posts\/80420\/revisions"}],"wp:featuredmedia":[{"embeddable":true,"href":"https:\/\/www.locoxelrojo.com\/independiente\/wp-json\/wp\/v2\/media\/80422"}],"wp:attachment":[{"href":"https:\/\/www.locoxelrojo.com\/independiente\/wp-json\/wp\/v2\/media?parent=80420"}],"wp:term":[{"taxonomy":"category","embeddable":true,"href":"https:\/\/www.locoxelrojo.com\/independiente\/wp-json\/wp\/v2\/categories?post=80420"},{"taxonomy":"post_tag","embeddable":true,"href":"https:\/\/www.locoxelrojo.com\/independiente\/wp-json\/wp\/v2\/tags?post=80420"}],"curies":[{"name":"wp","href":"https:\/\/api.w.org\/{rel}","templated":true}]}}