{"id":80447,"date":"2018-10-30T14:44:44","date_gmt":"2018-10-30T17:44:44","guid":{"rendered":"http:\/\/www.locoxelrojo.com\/independiente\/?p=80447"},"modified":"2018-10-30T23:10:16","modified_gmt":"2018-10-31T02:10:16","slug":"entrenamiento-a-dejar-atras-la-derrota","status":"publish","type":"post","link":"https:\/\/www.locoxelrojo.com\/independiente\/2018\/10\/30\/entrenamiento-a-dejar-atras-la-derrota\/","title":{"rendered":"A dejar atr\u00e1s la derrota"},"content":{"rendered":"<p><strong>Independiente volvi\u00f3 a entrenarse este martes en el predio de Villa Dominico, dejando atr\u00e1s la dura derrota por 4-2 frente a Atl\u00e9tico Tucum\u00e1n en condici\u00f3n de visitante<\/strong>.<\/p>\n<p>Pas\u00f3 una nueva pr\u00e1ctica matutina del plantel profesional de Independiente. El equipo regres\u00f3 tras el lunes libre y ya piensa en lo que ser\u00e1 su encuentro ante Argentinos Juniors el pr\u00f3ximo domingo en Paternal. <strong>Los dirigidos por Holan se dividieron en dos grupos y quienes vieron juego frente al Decano realizaron trabajos regenerativos.<\/strong> Por su parte, para el resto hubo f\u00fatbol en espacios reducidos.<\/p>\n<blockquote class=\"twitter-tweet\" data-lang=\"es\">\n<p dir=\"ltr\" lang=\"es\">\u00a1Dale Rey!<\/p>\n<p>El plantel profesional de <a href=\"https:\/\/twitter.com\/hashtag\/Independiente?src=hash&amp;ref_src=twsrc%5Etfw\">#Independiente<\/a> entrena bajo la lluvia en Dom\u00ednico. Esto sigue &#x1f4aa;<a href=\"https:\/\/twitter.com\/hashtag\/TodoRojo?src=hash&amp;ref_src=twsrc%5Etfw\">#TodoRojo<\/a> &#x1f534; <a href=\"https:\/\/t.co\/wGLSDgv728\">pic.twitter.com\/wGLSDgv728<\/a><\/p>\n<p>\u2014 C. A. Independiente (@Independiente) <a href=\"https:\/\/twitter.com\/Independiente\/status\/1057274576516902912?ref_src=twsrc%5Etfw\">30 de octubre de 2018<\/a><\/p><\/blockquote>\n<p><script async src=\"https:\/\/platform.twitter.com\/widgets.js\" charset=\"utf-8\"><\/script><\/p>\n<p>Cabe destacar que 6 futbolistas trabajaron de manera diferenciada: <strong>Francisco Silva y Gast\u00f3n Silva llevaron adelante tareas f\u00edsicas, Alan Franco comenz\u00f3 la etapa parcial de apoyo del pie y bicicleta, Leandro Fern\u00e1ndez y Gonzalo Rehak ejercicios de rehabilitaci\u00f3n con pelota y, por \u00faltimo, Carlos Benav\u00eddez trabaj\u00f3 en kinesiolog\u00eda.<\/strong><\/p>\n","protected":false},"excerpt":{"rendered":"<p>Independiente volvi\u00f3 a entrenarse este martes en el predio de Villa Dominico, dejando atr\u00e1s la dura derrota por 4-2 frente a Atl\u00e9tico Tucum\u00e1n en condici\u00f3n de visitante. Pas\u00f3 una nueva pr\u00e1ctica matutina del plantel profesional de Independiente. El equipo regres\u00f3 tras el lunes libre y ya piensa en lo que ser\u00e1 su encuentro ante Argentinos [&hellip;]<\/p>\n","protected":false},"author":25,"featured_media":80448,"comment_status":"open","ping_status":"closed","sticky":false,"template":"","format":"standard","meta":{"_links_to":"","_links_to_target":""},"categories":[3247,3],"tags":[3231,3758,26,3902,3557,2873,2921,172],"_links":{"self":[{"href":"https:\/\/www.locoxelrojo.com\/independiente\/wp-json\/wp\/v2\/posts\/80447"}],"collection":[{"href":"https:\/\/www.locoxelrojo.com\/independiente\/wp-json\/wp\/v2\/posts"}],"about":[{"href":"https:\/\/www.locoxelrojo.com\/independiente\/wp-json\/wp\/v2\/types\/post"}],"author":[{"embeddable":true,"href":"https:\/\/www.locoxelrojo.com\/independiente\/wp-json\/wp\/v2\/users\/25"}],"replies":[{"embeddable":true,"href":"https:\/\/www.locoxelrojo.com\/independiente\/wp-json\/wp\/v2\/comments?post=80447"}],"version-history":[{"count":0,"href":"https:\/\/www.locoxelrojo.com\/independiente\/wp-json\/wp\/v2\/posts\/80447\/revisions"}],"wp:featuredmedia":[{"embeddable":true,"href":"https:\/\/www.locoxelrojo.com\/independiente\/wp-json\/wp\/v2\/media\/80448"}],"wp:attachment":[{"href":"https:\/\/www.locoxelrojo.com\/independiente\/wp-json\/wp\/v2\/media?parent=80447"}],"wp:term":[{"taxonomy":"category","embeddable":true,"href":"https:\/\/www.locoxelrojo.com\/independiente\/wp-json\/wp\/v2\/categories?post=80447"},{"taxonomy":"post_tag","embeddable":true,"href":"https:\/\/www.locoxelrojo.com\/independiente\/wp-json\/wp\/v2\/tags?post=80447"}],"curies":[{"name":"wp","href":"https:\/\/api.w.org\/{rel}","templated":true}]}}