{"id":80635,"date":"2018-11-09T12:35:45","date_gmt":"2018-11-09T15:35:45","guid":{"rendered":"http:\/\/www.locoxelrojo.com\/independiente\/?p=80635"},"modified":"2018-11-10T11:16:45","modified_gmt":"2018-11-10T14:16:45","slug":"pablo-hernandez-independiente-es-mucho-mas-grande-de-lo-que-parecia","status":"publish","type":"post","link":"https:\/\/www.locoxelrojo.com\/independiente\/2018\/11\/09\/pablo-hernandez-independiente-es-mucho-mas-grande-de-lo-que-parecia\/","title":{"rendered":"Hern\u00e1ndez: \u201cIndependiente es mucho m\u00e1s grande de lo que parec\u00eda\u201d"},"content":{"rendered":"<p><b>Pablo Hern\u00e1ndez<\/b> dio una entrevista en la que analiz\u00f3 su estad\u00eda en el club, las expulsiones que sufri\u00f3 y la buena imagen que mostr\u00f3 ante San Mart\u00edn de Tucum\u00e1n.<\/p>\n<p>En el inicio, Hern\u00e1ndez\u00a0record\u00f3 la roja que vio ante el Decano: <b>\u201cLas expulsiones me dolieron mucho y sobre todo la \u00faltima porque me hab\u00edan ido a ver familiares y amigos. Me hab\u00eda olvidado que ya estaba amonestado con Atl\u00e9tico Tucum\u00e1n. Ten\u00edamos el partido empatado y para darlo vuelta, pero bueno, son cosas que pasan. Mis compa\u00f1eros no se merec\u00edan quedar con uno menos. Me sent\u00ed mal por ellos y por la gente, que merece respeto\u201d<\/b>.<\/p>\n<p>Luego, en la misma l\u00ednea en charla con Muy Independiente Radio, cont\u00f3 sobre la grandeza del club: <b>\u201cLo que not\u00e9 desde adentro es que Independiente es mucho m\u00e1s grande de lo que parec\u00eda de afuera. Ac\u00e1 est\u00e1 cada cosa en su lugar y eso es dif\u00edcil de encontrar. Ariel (Holan) siempre nos dice que quiere ser un ejemplo como club. Algunas veces hay que tocar fondo para tomar impulso y hoy el club es serio, responsable y trata de dar el ejemplo\u201d.<\/b><\/p>\n<p><b>\u201cEl golpe de la Copa Libertadores fue duro, pero no sirve de nada quedarse en eso. Hay que ser positivos porque el equipo est\u00e1 encontrando el f\u00fatbol que quiere. Despu\u00e9s de River cambiamos el chip y vamos por la liga. El objetivo es arrancar peleando el campeonato el a\u00f1o que viene\u201d<\/b>, cont\u00f3 El Tucu analizando lo que es la actualidad futbol\u00edstica del equipo.<\/p>\n<p>En el final, record\u00f3 su partido ante San Mart\u00edn de Tucum\u00e1n en el cual pudo convertir el primer gol del abultado triunfo: <b>\u201cEl partido que tuve el mi\u00e9rcoles cambi\u00f3 un poco mi imagen, eso es lo que yo quiero para el club. Ariel vio que yo pod\u00eda hacer da\u00f1o por la espalda del \u20185\u2019 de San Mart\u00edn y sali\u00f3 bien. Mi posici\u00f3n ideal es la de doble volante central. Puedo ayudar a recuperar y sacar la pelota limpia de abajo\u201d<\/b>.<\/p>\n","protected":false},"excerpt":{"rendered":"<p>Pablo Hern\u00e1ndez dio una entrevista en la que analiz\u00f3 su estad\u00eda en el club, las expulsiones que sufri\u00f3 y la buena imagen que mostr\u00f3 ante San Mart\u00edn de Tucum\u00e1n. En el inicio, Hern\u00e1ndez\u00a0record\u00f3 la roja que vio ante el Decano: \u201cLas expulsiones me dolieron mucho y sobre todo la \u00faltima porque me hab\u00edan ido a [&hellip;]<\/p>\n","protected":false},"author":25,"featured_media":79929,"comment_status":"open","ping_status":"closed","sticky":false,"template":"","format":"standard","meta":{"_links_to":"","_links_to_target":""},"categories":[3247,3],"tags":[2106],"_links":{"self":[{"href":"https:\/\/www.locoxelrojo.com\/independiente\/wp-json\/wp\/v2\/posts\/80635"}],"collection":[{"href":"https:\/\/www.locoxelrojo.com\/independiente\/wp-json\/wp\/v2\/posts"}],"about":[{"href":"https:\/\/www.locoxelrojo.com\/independiente\/wp-json\/wp\/v2\/types\/post"}],"author":[{"embeddable":true,"href":"https:\/\/www.locoxelrojo.com\/independiente\/wp-json\/wp\/v2\/users\/25"}],"replies":[{"embeddable":true,"href":"https:\/\/www.locoxelrojo.com\/independiente\/wp-json\/wp\/v2\/comments?post=80635"}],"version-history":[{"count":0,"href":"https:\/\/www.locoxelrojo.com\/independiente\/wp-json\/wp\/v2\/posts\/80635\/revisions"}],"wp:featuredmedia":[{"embeddable":true,"href":"https:\/\/www.locoxelrojo.com\/independiente\/wp-json\/wp\/v2\/media\/79929"}],"wp:attachment":[{"href":"https:\/\/www.locoxelrojo.com\/independiente\/wp-json\/wp\/v2\/media?parent=80635"}],"wp:term":[{"taxonomy":"category","embeddable":true,"href":"https:\/\/www.locoxelrojo.com\/independiente\/wp-json\/wp\/v2\/categories?post=80635"},{"taxonomy":"post_tag","embeddable":true,"href":"https:\/\/www.locoxelrojo.com\/independiente\/wp-json\/wp\/v2\/tags?post=80635"}],"curies":[{"name":"wp","href":"https:\/\/api.w.org\/{rel}","templated":true}]}}