{"id":80641,"date":"2018-11-10T10:37:23","date_gmt":"2018-11-10T13:37:23","guid":{"rendered":"http:\/\/www.locoxelrojo.com\/independiente\/?p=80641"},"modified":"2018-11-10T17:34:22","modified_gmt":"2018-11-10T20:34:22","slug":"seneme-el-presidente-de-la-comision-de-arbitros-de-conmebol-contradijo-a-daronco","status":"publish","type":"post","link":"https:\/\/www.locoxelrojo.com\/independiente\/2018\/11\/10\/seneme-el-presidente-de-la-comision-de-arbitros-de-conmebol-contradijo-a-daronco\/","title":{"rendered":"El Presidente de la Comisi\u00f3n de \u00c1rbitros de CONMEBOL contradijo a Daronco"},"content":{"rendered":"<p>El brasile\u00f1o <strong>Wilson Seneme<\/strong>, m\u00e1xima autoridad de la Comisi\u00f3n de \u00c1rbitros de la CONMEBOL, asegur\u00f3 que si \u00e9l hubiese sido el juez de la vuelta entre River e Independiente, <strong>habr\u00eda revisado la jugada del penal de Javier Pinola a Mart\u00edn Ben\u00edtez<\/strong>.<\/p>\n<blockquote class=\"twitter-tweet\" data-lang=\"es\">\n<p dir=\"ltr\" lang=\"es\">\u00a1QUE PATAD\u00d3N!<a href=\"https:\/\/twitter.com\/hashtag\/LibertadoresxFOX?src=hash&amp;ref_src=twsrc%5Etfw\">#LibertadoresxFOX<\/a> \u00bfQu\u00e9 te pareci\u00f3 la patada de Javier Pinola de River Plate sobre Mart\u00edn Ben\u00edtez de Independiente?<br \/>\nRT: Si crees que era roja y penal<br \/>\nMG: Si crees que no merec\u00eda sanci\u00f3n <a href=\"https:\/\/t.co\/y5f2CcG3r5\">pic.twitter.com\/y5f2CcG3r5<\/a><\/p>\n<p>\u2014 FOX Sports Chile (@FOXSports_Chile) <a href=\"https:\/\/twitter.com\/FOXSports_Chile\/status\/1047261052830928896?ref_src=twsrc%5Etfw\">2 de octubre de 2018<\/a><\/p><\/blockquote>\n<p><script async src=\"https:\/\/platform.twitter.com\/widgets.js\" charset=\"utf-8\"><\/script><\/p>\n<p>En la previa de la final de la Copa Libertadores, el paulista de 48 a\u00f1os se opuso a la pol\u00e9mica decisi\u00f3n que tom\u00f3 su compatriota, <strong>Anderson Daronco<\/strong>, en el encuentro de vuelta correspondiente a los cuartos de final de la Libertadores.<\/p>\n<p><strong>&#8220;Es una jugada muy r\u00e1pida, donde el jugador patea el bal\u00f3n, recoge la pierna y se produce un contacto. As\u00ed que yo como \u00e1rbitro de cancha la revisar\u00eda&#8221;<\/strong>, afirm\u00f3 en di\u00e1logo con Tarde Redonda. Y luego, cuando le preguntaron si \u00e9l la hubiese cobrado, opt\u00f3 por eludir la respuesta.<\/p>\n<p>Lo cierto es que ya pas\u00f3 casi un mes y medio de aquel episodio y todav\u00eda hay situaciones -como la inacci\u00f3n de Daronco- que no paran de hacer ruido. <strong>&#8220;El VAR es para errores grandes&#8221;<\/strong>, manifest\u00f3 Seneme, quien no descart\u00f3 que en un futuro se haga p\u00fablico el di\u00e1logo entre el juez principal y sus colaboradores en el VAR. <strong>\u00bfServir\u00e1 para darle transparencia al sistema?<\/strong><\/p>\n<blockquote class=\"twitter-tweet\" data-lang=\"es\">\n<p dir=\"ltr\" lang=\"es\">&#8220;EL VAR ES PARA ERRORES GRANDES&#8221;<a href=\"https:\/\/twitter.com\/hashtag\/TardeRedondaFOX?src=hash&amp;ref_src=twsrc%5Etfw\">#TardeRedondaFOX<\/a> | <a href=\"https:\/\/twitter.com\/hashtag\/LibertadoresxFOX?src=hash&amp;ref_src=twsrc%5Etfw\">#LibertadoresxFOX<\/a> | La palabra de Wilson Seneme, presidente de la comisi\u00f3n de arbitraje de CONMEBOL. <a href=\"https:\/\/t.co\/wQ22nBIdCB\">pic.twitter.com\/wQ22nBIdCB<\/a><\/p>\n<p>\u2014 FOX Sports Argentina (@FOXSportsArg) <a href=\"https:\/\/twitter.com\/FOXSportsArg\/status\/1060997913835388928?ref_src=twsrc%5Etfw\">9 de noviembre de 2018<\/a><\/p><\/blockquote>\n<p><script async src=\"https:\/\/platform.twitter.com\/widgets.js\" charset=\"utf-8\"><\/script><\/p>\n","protected":false},"excerpt":{"rendered":"<p>El brasile\u00f1o Wilson Seneme, m\u00e1xima autoridad de la Comisi\u00f3n de \u00c1rbitros de la CONMEBOL, asegur\u00f3 que si \u00e9l hubiese sido el juez de la vuelta entre River e Independiente, habr\u00eda revisado la jugada del penal de Javier Pinola a Mart\u00edn Ben\u00edtez. \u00a1QUE PATAD\u00d3N!#LibertadoresxFOX \u00bfQu\u00e9 te pareci\u00f3 la patada de Javier Pinola de River Plate sobre [&hellip;]<\/p>\n","protected":false},"author":19,"featured_media":80643,"comment_status":"open","ping_status":"closed","sticky":false,"template":"","format":"standard","meta":{"_links_to":"","_links_to_target":""},"categories":[3280,3247],"tags":[3472,153,4053,258,444,160],"_links":{"self":[{"href":"https:\/\/www.locoxelrojo.com\/independiente\/wp-json\/wp\/v2\/posts\/80641"}],"collection":[{"href":"https:\/\/www.locoxelrojo.com\/independiente\/wp-json\/wp\/v2\/posts"}],"about":[{"href":"https:\/\/www.locoxelrojo.com\/independiente\/wp-json\/wp\/v2\/types\/post"}],"author":[{"embeddable":true,"href":"https:\/\/www.locoxelrojo.com\/independiente\/wp-json\/wp\/v2\/users\/19"}],"replies":[{"embeddable":true,"href":"https:\/\/www.locoxelrojo.com\/independiente\/wp-json\/wp\/v2\/comments?post=80641"}],"version-history":[{"count":0,"href":"https:\/\/www.locoxelrojo.com\/independiente\/wp-json\/wp\/v2\/posts\/80641\/revisions"}],"wp:featuredmedia":[{"embeddable":true,"href":"https:\/\/www.locoxelrojo.com\/independiente\/wp-json\/wp\/v2\/media\/80643"}],"wp:attachment":[{"href":"https:\/\/www.locoxelrojo.com\/independiente\/wp-json\/wp\/v2\/media?parent=80641"}],"wp:term":[{"taxonomy":"category","embeddable":true,"href":"https:\/\/www.locoxelrojo.com\/independiente\/wp-json\/wp\/v2\/categories?post=80641"},{"taxonomy":"post_tag","embeddable":true,"href":"https:\/\/www.locoxelrojo.com\/independiente\/wp-json\/wp\/v2\/tags?post=80641"}],"curies":[{"name":"wp","href":"https:\/\/api.w.org\/{rel}","templated":true}]}}