{"id":80696,"date":"2018-11-12T18:07:47","date_gmt":"2018-11-12T21:07:47","guid":{"rendered":"http:\/\/www.locoxelrojo.com\/independiente\/?p=80696"},"modified":"2018-11-13T11:55:53","modified_gmt":"2018-11-13T14:55:53","slug":"atajas-vos-martin","status":"publish","type":"post","link":"https:\/\/www.locoxelrojo.com\/independiente\/2018\/11\/12\/atajas-vos-martin\/","title":{"rendered":"\u00bfAtaj\u00e1s vos?"},"content":{"rendered":"<p><strong>Mart\u00edn Campa\u00f1a<\/strong>, el capit\u00e1n de Independiente, fue convocado a los amistosos de la selecci\u00f3n de Uruguay y <strong>corre con grandes chances de ser el arquero titular<\/strong>. Conoce los motivos ac\u00e1.<\/p>\n<p>El pr\u00f3ximo fin de semana habr\u00e1 fecha FIFA y Campa\u00f1a fue nuevamente citado para la Selecci\u00f3n charr\u00faa que disputar\u00e1 <strong>los partidos frente a Brasil (viernes 16\/11) y ante Francia (martes 20\/11).<\/strong><\/p>\n<p><strong>La novedad es que Fernando Muslera, quien es el arquero titular de la Celeste, sufri\u00f3 un golpe en su cabeza el \u00faltimo fin de semana atajando en el Galatasaray y tuvieron que darle 10 puntos de sutura<\/strong>. Es por esto que Campi, corre con serias chances de ser el arquero titular en los dos amistosos internacionales.<\/p>\n","protected":false},"excerpt":{"rendered":"<p>Mart\u00edn Campa\u00f1a, el capit\u00e1n de Independiente, fue convocado a los amistosos de la selecci\u00f3n de Uruguay y corre con grandes chances de ser el arquero titular. Conoce los motivos ac\u00e1. El pr\u00f3ximo fin de semana habr\u00e1 fecha FIFA y Campa\u00f1a fue nuevamente citado para la Selecci\u00f3n charr\u00faa que disputar\u00e1 los partidos frente a Brasil (viernes [&hellip;]<\/p>\n","protected":false},"author":25,"featured_media":80698,"comment_status":"open","ping_status":"closed","sticky":false,"template":"","format":"standard","meta":{"_links_to":"","_links_to_target":""},"categories":[3280,3247],"tags":[3126,929],"_links":{"self":[{"href":"https:\/\/www.locoxelrojo.com\/independiente\/wp-json\/wp\/v2\/posts\/80696"}],"collection":[{"href":"https:\/\/www.locoxelrojo.com\/independiente\/wp-json\/wp\/v2\/posts"}],"about":[{"href":"https:\/\/www.locoxelrojo.com\/independiente\/wp-json\/wp\/v2\/types\/post"}],"author":[{"embeddable":true,"href":"https:\/\/www.locoxelrojo.com\/independiente\/wp-json\/wp\/v2\/users\/25"}],"replies":[{"embeddable":true,"href":"https:\/\/www.locoxelrojo.com\/independiente\/wp-json\/wp\/v2\/comments?post=80696"}],"version-history":[{"count":0,"href":"https:\/\/www.locoxelrojo.com\/independiente\/wp-json\/wp\/v2\/posts\/80696\/revisions"}],"wp:featuredmedia":[{"embeddable":true,"href":"https:\/\/www.locoxelrojo.com\/independiente\/wp-json\/wp\/v2\/media\/80698"}],"wp:attachment":[{"href":"https:\/\/www.locoxelrojo.com\/independiente\/wp-json\/wp\/v2\/media?parent=80696"}],"wp:term":[{"taxonomy":"category","embeddable":true,"href":"https:\/\/www.locoxelrojo.com\/independiente\/wp-json\/wp\/v2\/categories?post=80696"},{"taxonomy":"post_tag","embeddable":true,"href":"https:\/\/www.locoxelrojo.com\/independiente\/wp-json\/wp\/v2\/tags?post=80696"}],"curies":[{"name":"wp","href":"https:\/\/api.w.org\/{rel}","templated":true}]}}