{"id":80872,"date":"2018-11-28T16:05:42","date_gmt":"2018-11-28T19:05:42","guid":{"rendered":"http:\/\/www.locoxelrojo.com\/independiente\/?p=80872"},"modified":"2018-11-29T12:38:03","modified_gmt":"2018-11-29T15:38:03","slug":"independiente-rojo-sub-20-a-brasil","status":"publish","type":"post","link":"https:\/\/www.locoxelrojo.com\/independiente\/2018\/11\/28\/independiente-rojo-sub-20-a-brasil\/","title":{"rendered":"Rojo sub 20 a Brasil"},"content":{"rendered":"<p><strong>Independiente fue invitado a participar de la Copa Ipiranga de F\u00fatbol Sub 20 en Brasil. El plantel ser\u00e1 dirigido por Fernando Ber\u00f3n y tendr\u00e1 mayor\u00eda de jugadores de la Reserva.<\/strong><\/p>\n<p>22 futbolistas del Rojo viajar\u00e1n a Porto Alegre para participar de una competencia internacional organizada por la Federaci\u00f3n Ga\u00facha de F\u00fatbol y que <strong>re\u00fane a 20 clubes de Sudam\u00e9rica<\/strong>. De Argentina fueron invitados <strong>Independiente, Racing, Boca y River<\/strong>.<\/p>\n<p><strong>El entrenador del equipo ser\u00e1 Ber\u00f3n<\/strong>, actual DT de la Reserva y Coordinador de las Divisiones Inferiores, quien en las \u00faltimas horas arregl\u00f3 su continuidad en el club. La mayor\u00eda del plantel ser\u00e1 justamente de la Reserva y contar\u00e1 con<strong> dos jugadores que ya debutaron en Primera: Sergio Barreto y Mauro Molina<\/strong>.<\/p>\n<p>La Copa Ipiranga se jugar\u00e1 <strong>entre el 30 de noviembre y el 16 de diciembre<\/strong> en Porto Alegre. Los 20 equipos participantes fueron divididos en cuatro grupos de cinco; <strong>Independiente comparte el B junto a Nacional (Uruguay), Flamengo, Cruzeiro y Sao Paulo (todos de Brasil)<\/strong>.<\/p>\n<h3>El fixture de Independiente en la Copa Ipiranga<\/h3>\n<p>3\/12\/2018 &#8211; 15:30 hs. &#8211; vs. Nacional<\/p>\n<p>5\/12\/2018 &#8211; 16:00 hs. &#8211; vs. Cruzeiro<\/p>\n<p>7\/12\/2018 &#8211; 18:30 hs. &#8211; vs. Flamengo<\/p>\n<p>9\/12\/2018 &#8211; 18:30 hs. &#8211; vs. Sao Paulo<\/p>\n<h3>El plantel de Independiente que viaja a Brasil<\/h3>\n<p><strong>Arqueros:<\/strong> 1-Fernando Navarro Montoya y 12-Gonzalo Arce.<\/p>\n<p><strong>Defensores:<\/strong> 2-Walter Perea, 3-Mateo Mayor Lupo, 4-Facundo Lando, 6-Sergio Barreto, 13-Mauro Zurita, 14-Alexis Gamarra, 15-Ezequiel Moschen y 16-Tom\u00e1s Ortega.<\/p>\n<p><strong>Volantes:<\/strong> 5-Juan Ignacio Pacchini, 8-Lucas Gonz\u00e1lez Mart\u00ednez, 10-Alan So\u00f1ora, 11-Brian Mart\u00ednez, 17-Fernando Ch\u00e1vez, 19-Ignacio Medina y 20-Alan Velasco.<\/p>\n<p><strong>Delanteros:<\/strong> 7-Ciro Campuzano, 9- Mauro Molina, 18-Luciano Villalba, 21-Lucas Abadi\u00e9 y 22-Facundo Velazco Flores.<\/p>\n","protected":false},"excerpt":{"rendered":"<p>Independiente fue invitado a participar de la Copa Ipiranga de F\u00fatbol Sub 20 en Brasil. El plantel ser\u00e1 dirigido por Fernando Ber\u00f3n y tendr\u00e1 mayor\u00eda de jugadores de la Reserva. 22 futbolistas del Rojo viajar\u00e1n a Porto Alegre para participar de una competencia internacional organizada por la Federaci\u00f3n Ga\u00facha de F\u00fatbol y que re\u00fane a [&hellip;]<\/p>\n","protected":false},"author":8,"featured_media":74931,"comment_status":"open","ping_status":"closed","sticky":false,"template":"","format":"standard","meta":{"_links_to":"","_links_to_target":""},"categories":[3280,3247],"tags":[153,4083,2862,231],"_links":{"self":[{"href":"https:\/\/www.locoxelrojo.com\/independiente\/wp-json\/wp\/v2\/posts\/80872"}],"collection":[{"href":"https:\/\/www.locoxelrojo.com\/independiente\/wp-json\/wp\/v2\/posts"}],"about":[{"href":"https:\/\/www.locoxelrojo.com\/independiente\/wp-json\/wp\/v2\/types\/post"}],"author":[{"embeddable":true,"href":"https:\/\/www.locoxelrojo.com\/independiente\/wp-json\/wp\/v2\/users\/8"}],"replies":[{"embeddable":true,"href":"https:\/\/www.locoxelrojo.com\/independiente\/wp-json\/wp\/v2\/comments?post=80872"}],"version-history":[{"count":0,"href":"https:\/\/www.locoxelrojo.com\/independiente\/wp-json\/wp\/v2\/posts\/80872\/revisions"}],"wp:featuredmedia":[{"embeddable":true,"href":"https:\/\/www.locoxelrojo.com\/independiente\/wp-json\/wp\/v2\/media\/74931"}],"wp:attachment":[{"href":"https:\/\/www.locoxelrojo.com\/independiente\/wp-json\/wp\/v2\/media?parent=80872"}],"wp:term":[{"taxonomy":"category","embeddable":true,"href":"https:\/\/www.locoxelrojo.com\/independiente\/wp-json\/wp\/v2\/categories?post=80872"},{"taxonomy":"post_tag","embeddable":true,"href":"https:\/\/www.locoxelrojo.com\/independiente\/wp-json\/wp\/v2\/tags?post=80872"}],"curies":[{"name":"wp","href":"https:\/\/api.w.org\/{rel}","templated":true}]}}